{"id":16372,"date":"2015-03-20T17:33:47","date_gmt":"2015-03-20T17:33:47","guid":{"rendered":"http:\/\/www.fg.ull.es\/?p=16372"},"modified":"2015-03-20T17:33:47","modified_gmt":"2015-03-20T17:33:47","slug":"la-segunda-edicion-de-la-escuela-de-empleo-incluira-como-principal-novedad-la-realizacion-de-practicas-en-empresas","status":"publish","type":"post","link":"https:\/\/fg.ull.es\/hemeroteca\/2015\/03\/20\/la-segunda-edicion-de-la-escuela-de-empleo-incluira-como-principal-novedad-la-realizacion-de-practicas-en-empresas\/","title":{"rendered":"La segunda edici\u00f3n de la &#039;Escuela de Empleo&#039; incluir\u00e1 como principal novedad la realizaci\u00f3n de pr\u00e1cticas en empresas"},"content":{"rendered":"<p>Las personas interesadas deben apuntarse a trav&eacute;s de la sede electr&oacute;nica de la Fundaci&oacute;n universitaria y el periodo de inscripci&oacute;n permaneci&oacute; activo hasta el pasado 22 de marzo.&nbsp;La iniciativa pretende promover la empleabilidad de personas sin experiencia laboral a trav&eacute;s de un programa formativo especializado y acciones de orientaci&oacute;n<\/p>\n<p>&nbsp;<\/p>\n<p><\/p>\n<p style='text-align: left'>La <em>Escuela de Empleo <\/em>de la Fundaci&oacute;n General de la Universidad de La Laguna incluir&aacute; como principal novedad para esta segunda edici&oacute;n la realizaci&oacute;n de cien horas de pr&aacute;cticas en empresas. Este m&oacute;dulo del programa formativo se realizar&aacute; con el objetivo de llevar a la pr&aacute;ctica todas las habilidades y competencias adquiridas durante el desarrollo del proyecto. En esta edici&oacute;n el programa formativo est&aacute; compuesto por 304 horas semipresenciales que incluyen actividades relacionadas con: la orientaci&oacute;n laboral y competencias para el puesto de trabajo, automarketing, ofim&aacute;tica y empleabilidad 2.0 e ingl&eacute;s para el empleo. Tambi&eacute;n se organizar&aacute;n diferentes seminarios para contenidos m&aacute;s concretos, que ser&aacute;n impartidos por empresarios o profesionales especializados.<\/p>\n<p>El proceso de selecci&oacute;n de las personas que se beneficiar&aacute;n de esta segunda edici&oacute;n del proyecto tendr&aacute; lugar durante los meses de marzo y abril. Las personas interesadas en participar pudieron inscribirse hasta la medianoche del pasado domingo, 22 de marzo, a trav&eacute;s de la sede electr&oacute;nica de la Fundaci&oacute;n General de la Universidad de La Laguna. Para ello, deber&aacute;n realizar una carta de presentaci&oacute;n en la que muestren su motivaci&oacute;n para acceder a la Escuela de Empleo y tener el curr&iacute;culum vitae normalizado y actualizado en la sede.<\/p>\n<p>Este proyecto est&aacute; dirigido a personas que cuenten con un t&iacute;tulo universitario o de formaci&oacute;n profesional de grado medio o superior y, tambi&eacute;n, para quienes dispongan de un certificado de profesionalidad de nivel 2 o 3; en todos los casos, no podr&aacute;n haber transcurrido m&aacute;s de 36 meses desde la obtenci&oacute;n de la titulaci&oacute;n.<\/p>\n<p>Adem&aacute;s del programa formativo, durante toda la iniciativa se ofrecer&aacute; atenci&oacute;n personalizada a las personas participantes mediante tutor&iacute;as de orientaci&oacute;n, en las que se realizar&aacute; y desarrollar&aacute; un itinerario de inserci&oacute;n individualizado. Por &uacute;ltimo, se contempla un periodo de inserci&oacute;n donde de manera aut&oacute;noma, el alumnado continuar&aacute; con su itinerario trav&eacute;s de una b&uacute;squeda activa de empleo. Paralelamente, desde el inicio de la Escuela de Empleo, en marzo de 2015, y hasta su finalizaci&oacute;n, en agosto de 2015, se difundir&aacute; el proyecto entre las empresas de la Isla para establecer lazos de colaboraci&oacute;n en la formaci&oacute;n, inserci&oacute;n y organizaci&oacute;n de las pr&aacute;cticas de las personas beneficiarias.<\/p>\n<p><a href='..\/..\/es\/proyecto\/escuela_de_empleo\/73\/'>Informaci&oacute;n e inscripci&oacute;n aqu&iacute;.&nbsp;<\/a><\/p>\n<p>&nbsp;<\/p>\n","protected":false},"excerpt":{"rendered":"<p>Las personas interesadas deben apuntarse a trav&eacute;s de la sede electr&oacute;nica de la Fundaci&oacute;n universitaria y el periodo de inscripci&oacute;n permaneci&oacute; activo hasta el pasado 22 de marzo.&nbsp;La iniciativa pretende promover la empleabilidad de personas sin experiencia laboral a trav&eacute;s de un programa formativo especializado y acciones de orientaci&oacute;n<\/p>\n<p>&nbsp;<\/p>\n","protected":false},"author":36,"featured_media":16371,"comment_status":"closed","ping_status":"open","sticky":false,"template":"","format":"standard","meta":{"footnotes":""},"categories":[3],"tags":[173],"featured_image_thumbnail_url":"https:\/\/fg.ull.es\/hemeroteca\/wp-content\/uploads\/sites\/14\/2015\/04\/2833_kd_pantalla_1280x720px01-300x169.jpg","_links":{"self":[{"href":"https:\/\/fg.ull.es\/hemeroteca\/wp-json\/wp\/v2\/posts\/16372"}],"collection":[{"href":"https:\/\/fg.ull.es\/hemeroteca\/wp-json\/wp\/v2\/posts"}],"about":[{"href":"https:\/\/fg.ull.es\/hemeroteca\/wp-json\/wp\/v2\/types\/post"}],"author":[{"embeddable":true,"href":"https:\/\/fg.ull.es\/hemeroteca\/wp-json\/wp\/v2\/users\/36"}],"replies":[{"embeddable":true,"href":"https:\/\/fg.ull.es\/hemeroteca\/wp-json\/wp\/v2\/comments?post=16372"}],"version-history":[{"count":0,"href":"https:\/\/fg.ull.es\/hemeroteca\/wp-json\/wp\/v2\/posts\/16372\/revisions"}],"wp:featuredmedia":[{"embeddable":true,"href":"https:\/\/fg.ull.es\/hemeroteca\/wp-json\/wp\/v2\/media\/16371"}],"wp:attachment":[{"href":"https:\/\/fg.ull.es\/hemeroteca\/wp-json\/wp\/v2\/media?parent=16372"}],"wp:term":[{"taxonomy":"category","embeddable":true,"href":"https:\/\/fg.ull.es\/hemeroteca\/wp-json\/wp\/v2\/categories?post=16372"},{"taxonomy":"post_tag","embeddable":true,"href":"https:\/\/fg.ull.es\/hemeroteca\/wp-json\/wp\/v2\/tags?post=16372"}],"curies":[{"name":"wp","href":"https:\/\/api.w.org\/{rel}","templated":true}]}}