{"id":16347,"date":"2015-03-19T13:09:56","date_gmt":"2015-03-19T13:09:56","guid":{"rendered":"http:\/\/www.fg.ull.es\/?p=16347"},"modified":"2015-03-19T13:09:56","modified_gmt":"2015-03-19T13:09:56","slug":"se-convoca-una-beca-de-insercion-laboral-para-la-unidad-de-cultura-cientifica-y-de-la-innovacion-de-la-universidad-de-la-laguna","status":"publish","type":"post","link":"https:\/\/fg.ull.es\/hemeroteca\/2015\/03\/19\/se-convoca-una-beca-de-insercion-laboral-para-la-unidad-de-cultura-cientifica-y-de-la-innovacion-de-la-universidad-de-la-laguna\/","title":{"rendered":"Se convoca una beca de inserci\u00f3n laboral para la Unidad de Cultura Cient\u00edfica y de la Innovaci\u00f3n de la Universidad de La Laguna"},"content":{"rendered":"<p>La inscripci&oacute;n se debe formalizar a trav&eacute;s de la sede electr&oacute;nica de la Fundaci&oacute;n y estar&aacute; disponible hasta el pr&oacute;ximo 23 de marzo.&nbsp;<\/p>\n<p><\/p>\n<p>La Unidad de Cultura Cient&iacute;fica y de la Innovaci&oacute;n de la Universidad de La Laguna, Cienci@ULL, es una estructura operacional destinada a acercar la actividad investigadora que se desarrolla en los departamentos y estructuras cient&iacute;ficas de nuestra Universidad y de otros centros de I&#043;D canarios colaboradores a la sociedad, de una forma cercana y pr&aacute;ctica, pero sin perder el rigor cient&iacute;fico de la misma, y de la mano de su personal investigador y tecnol&oacute;gico. Tambi&eacute;n se ocupa de tratar de despertar la curiosidad cient&iacute;fica de los\/as j&oacute;venes canarios para ayudarles a identificar sus intereses profesionales.<\/p>\n<p>Cienci@ULL organiza y desarrolla un plan anual de actividades para la promoci&oacute;n de la cultura cient&iacute;fica en la sociedad canaria (rutas cient&iacute;ficas, ponencias y exposiciones cient&iacute;ficas, concursos, pr&aacute;cticas de laboratorio, charlas profesionales, campus de verano de la ciencia y la tecnol&oacute;gica, mercadillos tecnol&oacute;gicos, ferias, cursos formativos sobre comunicaci&oacute;n y divulgaci&oacute;n cient&iacute;fica, concursos&hellip;etc.), donde cada una de sus actividades est&aacute; orientada a un p&uacute;blico objetivo concreto.<\/p>\n<p>Las <strong>tareas<\/strong> a desarrollar por la persona seleccionada ser&aacute;n las siguientes:<\/p>\n<ol>\n<li>Apoyo en la organizaci&oacute;n y desarrollo del programa de actividades   de Cienci@ULL. <\/li>\n<li>Actualizaci&oacute;n de contenidos en la p&aacute;gina web de Cienci@ULL y  de otras asociadas.<\/li>\n<li>Apoyo en la gesti&oacute;n administrativa de la Unidad.<\/li>\n<\/ol>\n<p>La <strong>inscripci&oacute;n<\/strong> estar&aacute; abierta desde el 19 al 23 de marzo de 2015, ambos incluidos y podr&aacute; realizarse en el <a href='https:\/\/sede.fg.ull.es\/es\/empleo\/detalle\/a15220107\/fundacion-canaria-general-de-la-universidad-de-la-laguna'>siguiente link<\/a>. Para realizar la inscripci&oacute;n es totalmente necesario el cumplimiento de los requisitos y de lo expuesto en las bases que se presentan a continuaci&oacute;n:<\/p>\n<ul>\n<li><a href='..\/..\/public\/docs\/1796_2m_bases_generales_3.pdf'>Bases generales<\/a><\/li>\n<li><a href='..\/..\/public\/docs\/1795_vm_perfil_singular.pdf'>Perfil singular<\/a><\/li>\n<\/ul>\n<p>&nbsp;<\/p>\n","protected":false},"excerpt":{"rendered":"<p>La inscripci&oacute;n se debe formalizar a trav&eacute;s de la sede electr&oacute;nica de la Fundaci&oacute;n y estar&aacute; disponible hasta el pr&oacute;ximo 23 de marzo.&nbsp;<\/p>\n","protected":false},"author":36,"featured_media":16346,"comment_status":"closed","ping_status":"open","sticky":false,"template":"","format":"standard","meta":{"footnotes":""},"categories":[3,8],"tags":[173],"featured_image_thumbnail_url":"https:\/\/fg.ull.es\/hemeroteca\/wp-content\/uploads\/sites\/14\/2015\/04\/2826_ix_pantalla_cienciaull-300x169.jpg","_links":{"self":[{"href":"https:\/\/fg.ull.es\/hemeroteca\/wp-json\/wp\/v2\/posts\/16347"}],"collection":[{"href":"https:\/\/fg.ull.es\/hemeroteca\/wp-json\/wp\/v2\/posts"}],"about":[{"href":"https:\/\/fg.ull.es\/hemeroteca\/wp-json\/wp\/v2\/types\/post"}],"author":[{"embeddable":true,"href":"https:\/\/fg.ull.es\/hemeroteca\/wp-json\/wp\/v2\/users\/36"}],"replies":[{"embeddable":true,"href":"https:\/\/fg.ull.es\/hemeroteca\/wp-json\/wp\/v2\/comments?post=16347"}],"version-history":[{"count":0,"href":"https:\/\/fg.ull.es\/hemeroteca\/wp-json\/wp\/v2\/posts\/16347\/revisions"}],"wp:featuredmedia":[{"embeddable":true,"href":"https:\/\/fg.ull.es\/hemeroteca\/wp-json\/wp\/v2\/media\/16346"}],"wp:attachment":[{"href":"https:\/\/fg.ull.es\/hemeroteca\/wp-json\/wp\/v2\/media?parent=16347"}],"wp:term":[{"taxonomy":"category","embeddable":true,"href":"https:\/\/fg.ull.es\/hemeroteca\/wp-json\/wp\/v2\/categories?post=16347"},{"taxonomy":"post_tag","embeddable":true,"href":"https:\/\/fg.ull.es\/hemeroteca\/wp-json\/wp\/v2\/tags?post=16347"}],"curies":[{"name":"wp","href":"https:\/\/api.w.org\/{rel}","templated":true}]}}