{"id":16344,"date":"2015-03-19T12:12:53","date_gmt":"2015-03-19T12:12:53","guid":{"rendered":"http:\/\/www.fg.ull.es\/?p=16344"},"modified":"2015-03-19T12:12:53","modified_gmt":"2015-03-19T12:12:53","slug":"la-fundacion-general-de-la-ull-formara-parte-del-foro-economico-y-social-de-la-laguna","status":"publish","type":"post","link":"https:\/\/fg.ull.es\/hemeroteca\/2015\/03\/19\/la-fundacion-general-de-la-ull-formara-parte-del-foro-economico-y-social-de-la-laguna\/","title":{"rendered":"La Fundaci\u00f3n General de la ULL formar\u00e1 parte del Foro Econ\u00f3mico y Social de La Laguna"},"content":{"rendered":"<p>Se aprob&oacute; en el pleno municipal del pasado jueves, 12 de marzo. La conformaci&oacute;n del Foro se est&aacute; terminando de configurar y tambi&eacute;n formar&aacute;n parte de &eacute;l representantes de Asecu, la C&aacute;mara de Comercio de Tenerife, Cruz Roja, el Instituto Astrof&iacute;sico de Canarias y Los Sabande&ntilde;os.<\/p>\n<p><\/p>\n<p>La Fundaci&oacute;n General de la Universidad de La Laguna formar&aacute; parte del Foro Econ&oacute;mico y Social de La Laguna, que se encuentra todav&iacute;a en periodo de configuraci&oacute;n de sus miembros. Este anuncio se llev&oacute; a cabo en el pleno municipal del pasado jueves, 12 de marzo, y lo present&oacute; el alcalde de La Laguna, Fernando Clavijo, ya que en el reglamento de dicho foro se establece que el alcalde elaborar&aacute; una lista de seis entidades, instituciones u organizaciones para formar parte de este &oacute;rgano.<\/p>\n<p>Adem&aacute;s de la Fundaci&oacute;n universitaria, tambi&eacute;n se anunci&oacute; que formar&aacute;n parte del foro representantes de la Asociaci&oacute;n Empresarial La Cuesta, Taco, Finca Espa&ntilde;a y Los Majuelos (Asecu), la C&aacute;mara de Comercio, Cruz Roja, el Instituto Astrof&iacute;sico de Canarias (IAC) y los Sabande&ntilde;os. Todas las entidades u organizaciones han sido elegidas en funci&oacute;n de su capacidad para enriquecer las aportaciones y la labor del foro, desde un punto de vista econ&oacute;mico, cultural y social.<\/p>\n<p>Asimismo, tambi&eacute;n se conocen los miembros electos para conformar el Foro Econ&oacute;mico y Social, despu&eacute;s del proceso electoral que se desarroll&oacute; el pasado mes de diciembre. Los representantes elegidos fueron: de las asociaciones de vecinos, Jes&uacute;s Meli&aacute;n y Francisco Barreto; &nbsp;de las asociaciones de empresarios, Juli&aacute;n Gonz&aacute;lez; y de las asociaciones profesionales, Pedro Molina.<\/p>\n<p>El Foro Econ&oacute;mico y Social de La Laguna es un &oacute;rgano de participaci&oacute;n a trav&eacute;s de los grandes proyectos del municipio. En su reglamento, aprobado el pasado 9 de enero, se establece que estar&aacute; compuesto por representantes de las asociaciones de vecinos, de mayores, j&oacute;venes, sindicatos, empresarios, profesionales, entidades financieras, otras entidades con proyecci&oacute;n socio econ&oacute;mica y sin &aacute;nimo de lucro y las formaciones pol&iacute;ticas del municipio. Se trata de la conversi&oacute;n del actual Foro Anticrisis.<\/p>\n","protected":false},"excerpt":{"rendered":"<p>Se aprob&oacute; en el pleno municipal del pasado jueves, 12 de marzo. La conformaci&oacute;n del Foro se est&aacute; terminando de configurar y tambi&eacute;n formar&aacute;n parte de &eacute;l representantes de Asecu, la C&aacute;mara de Comercio de Tenerife, Cruz Roja, el Instituto Astrof&iacute;sico de Canarias y Los Sabande&ntilde;os.<\/p>\n","protected":false},"author":36,"featured_media":16343,"comment_status":"closed","ping_status":"open","sticky":false,"template":"","format":"standard","meta":{"footnotes":""},"categories":[6],"tags":[173,1353,1424],"featured_image_thumbnail_url":"https:\/\/fg.ull.es\/hemeroteca\/wp-content\/uploads\/sites\/14\/2015\/04\/2825_4f_foro_anticrisis_aprobacion-300x225.jpg","_links":{"self":[{"href":"https:\/\/fg.ull.es\/hemeroteca\/wp-json\/wp\/v2\/posts\/16344"}],"collection":[{"href":"https:\/\/fg.ull.es\/hemeroteca\/wp-json\/wp\/v2\/posts"}],"about":[{"href":"https:\/\/fg.ull.es\/hemeroteca\/wp-json\/wp\/v2\/types\/post"}],"author":[{"embeddable":true,"href":"https:\/\/fg.ull.es\/hemeroteca\/wp-json\/wp\/v2\/users\/36"}],"replies":[{"embeddable":true,"href":"https:\/\/fg.ull.es\/hemeroteca\/wp-json\/wp\/v2\/comments?post=16344"}],"version-history":[{"count":0,"href":"https:\/\/fg.ull.es\/hemeroteca\/wp-json\/wp\/v2\/posts\/16344\/revisions"}],"wp:featuredmedia":[{"embeddable":true,"href":"https:\/\/fg.ull.es\/hemeroteca\/wp-json\/wp\/v2\/media\/16343"}],"wp:attachment":[{"href":"https:\/\/fg.ull.es\/hemeroteca\/wp-json\/wp\/v2\/media?parent=16344"}],"wp:term":[{"taxonomy":"category","embeddable":true,"href":"https:\/\/fg.ull.es\/hemeroteca\/wp-json\/wp\/v2\/categories?post=16344"},{"taxonomy":"post_tag","embeddable":true,"href":"https:\/\/fg.ull.es\/hemeroteca\/wp-json\/wp\/v2\/tags?post=16344"}],"curies":[{"name":"wp","href":"https:\/\/api.w.org\/{rel}","templated":true}]}}