{"id":16338,"date":"2015-03-19T11:38:44","date_gmt":"2015-03-19T11:38:44","guid":{"rendered":"http:\/\/www.fg.ull.es\/?p=16338"},"modified":"2015-03-19T11:38:44","modified_gmt":"2015-03-19T11:38:44","slug":"la-proxima-semana-se-celebrara-una-sesion-informativa-sobre-el-servicio-voluntario-europeo-del-programa-erasmus","status":"publish","type":"post","link":"https:\/\/fg.ull.es\/hemeroteca\/2015\/03\/19\/la-proxima-semana-se-celebrara-una-sesion-informativa-sobre-el-servicio-voluntario-europeo-del-programa-erasmus\/","title":{"rendered":"La pr\u00f3xima semana se celebrar\u00e1 una sesi\u00f3n informativa sobre el &#039;Servicio Voluntario Europeo&#039; del programa Erasmus &#043;"},"content":{"rendered":"<p>Se celebrar&aacute; el 23 de marzo en el aulario de la Fundaci&oacute;n General de la ULL de 17 a 18 horas. Las plazas para asistir a esta charla informativa ya se encuentran agotadas.<\/p>\n<p><\/p>\n<p>El pr&oacute;ximo lunes 23 de marzo tendr&aacute; lugar una charla informativa sobre el &lsquo;Servicio Voluntario Europeo&rsquo; del programa Erasmus &#043;. Se desarrollar&aacute; en el aula 14 de la &nbsp;Fundaci&oacute;n General de la Universidad de La Laguna de 17 a 18 horas y ya se encuentran <strong>cubiertas todas las plazas<\/strong>. Por ello, las personas que no hayan podido inscribirse para esta sesi&oacute;n y est&eacute;n interesadas en recibir informaci&oacute;n sobre el programa o en conocer cu&aacute;ndo se celebrar&aacute;n pr&oacute;ximas sesiones informativas podr&aacute;n hacerlo a trav&eacute;s del correo <a href='mailto:movilidad@fg.ull.es'>movilidad@fg.ull.es<\/a>.<\/p>\n<p>El &lsquo;Servicio Voluntario Europeo&rsquo; es una de las l&iacute;neas de acci&oacute;n del programa Erasmus &#043;. Consiste en una experiencia de aprendizaje en el &aacute;mbito de la educaci&oacute;n no formal, en la que las personas j&oacute;venes voluntarias mejoran o adquieren competencias para su desarrollo personal, educativo y profesional, as&iacute; como para su integraci&oacute;n social. De esta manera, los\/as&nbsp; voluntarios\/as desarrollan su actividad en un pa&iacute;s distinto de su pa&iacute;s de residencia. Esta actividad, no remunerada y sin &aacute;nimo de lucro, se realiza a tiempo completo durante un periodo determinado en beneficio de la comunidad.<\/p>\n<p>En este sentido, el &lsquo;Servicio Voluntario Europeo&#8217; da la oportunidad de colaborar en proyectos sociales sin experiencia previa necesaria; aprender idiomas extranjeros sin conocimientos previos; ser voluntario aproximadamente 35 horas semanales; recibir una beca de ayuda y participar en proyecto de la Comisi&oacute;n Europea, donde la &uacute;nica&nbsp; cofinanciaci&oacute;n necesaria es el 10 % de los gastos del viaje internacional. Los requisitos para ser beneficiario\/a de este programa son tener entre 18 y 30 a&ntilde;os y vivir en Espa&ntilde;a.<\/p>\n","protected":false},"excerpt":{"rendered":"<p>Se celebrar&aacute; el 23 de marzo en el aulario de la Fundaci&oacute;n General de la ULL de 17 a 18 horas. Las plazas para asistir a esta charla informativa ya se encuentran agotadas.<\/p>\n","protected":false},"author":36,"featured_media":16337,"comment_status":"closed","ping_status":"open","sticky":false,"template":"","format":"standard","meta":{"footnotes":""},"categories":[3],"tags":[173,574,611,1353,1424],"featured_image_thumbnail_url":"https:\/\/fg.ull.es\/hemeroteca\/wp-content\/uploads\/sites\/14\/2015\/04\/2822_us_logo_erasmus_-300x117.jpg","_links":{"self":[{"href":"https:\/\/fg.ull.es\/hemeroteca\/wp-json\/wp\/v2\/posts\/16338"}],"collection":[{"href":"https:\/\/fg.ull.es\/hemeroteca\/wp-json\/wp\/v2\/posts"}],"about":[{"href":"https:\/\/fg.ull.es\/hemeroteca\/wp-json\/wp\/v2\/types\/post"}],"author":[{"embeddable":true,"href":"https:\/\/fg.ull.es\/hemeroteca\/wp-json\/wp\/v2\/users\/36"}],"replies":[{"embeddable":true,"href":"https:\/\/fg.ull.es\/hemeroteca\/wp-json\/wp\/v2\/comments?post=16338"}],"version-history":[{"count":0,"href":"https:\/\/fg.ull.es\/hemeroteca\/wp-json\/wp\/v2\/posts\/16338\/revisions"}],"wp:featuredmedia":[{"embeddable":true,"href":"https:\/\/fg.ull.es\/hemeroteca\/wp-json\/wp\/v2\/media\/16337"}],"wp:attachment":[{"href":"https:\/\/fg.ull.es\/hemeroteca\/wp-json\/wp\/v2\/media?parent=16338"}],"wp:term":[{"taxonomy":"category","embeddable":true,"href":"https:\/\/fg.ull.es\/hemeroteca\/wp-json\/wp\/v2\/categories?post=16338"},{"taxonomy":"post_tag","embeddable":true,"href":"https:\/\/fg.ull.es\/hemeroteca\/wp-json\/wp\/v2\/tags?post=16338"}],"curies":[{"name":"wp","href":"https:\/\/api.w.org\/{rel}","templated":true}]}}