{"id":16329,"date":"2015-03-18T15:04:12","date_gmt":"2015-03-18T15:04:12","guid":{"rendered":"http:\/\/www.fg.ull.es\/?p=16329"},"modified":"2015-03-18T15:04:12","modified_gmt":"2015-03-18T15:04:12","slug":"formacion-especializada-y-orientacion-para-la-mejora-de-la-empleabilidad-en-la-segunda-edicion-de-la-escuela-de-empleo","status":"publish","type":"post","link":"https:\/\/fg.ull.es\/hemeroteca\/2015\/03\/18\/formacion-especializada-y-orientacion-para-la-mejora-de-la-empleabilidad-en-la-segunda-edicion-de-la-escuela-de-empleo\/","title":{"rendered":"Formaci\u00f3n especializada y orientaci\u00f3n para la mejora de la empleabilidad en la segunda edici\u00f3n de la &#039;Escuela de Empleo&#039;"},"content":{"rendered":"<p>Los resultados de las encuestas de satisfacci&oacute;n hechas por el alumnado de la primera edici&oacute;n muestran valoraciones positivas y recomendaciones que servir&aacute;n para continuar con el trabajo de este proyecto. Las personas interesadas en participar pueden inscribirse hasta el 22 de marzo a trav&eacute;s de la sede electr&oacute;nica de la Fundaci&oacute;n General de la Universidad de La Laguna.<\/p>\n<p><\/p>\n<p>La segunda edici&oacute;n de la &lsquo;Escuela de Empleo&rsquo; de la Fundaci&oacute;n General de la ULL mantiene su periodo de inscripci&oacute;n activo hasta el pr&oacute;ximo 22 de marzo. Con esta iniciativa se pretende promover la empleabilidad de personas sin experiencia, fomentando la adquisici&oacute;n de competencias transversales, promoviendo la b&uacute;squeda activa de empleo, potenciando el desarrollo de la carrera profesional y facilitando la inserci&oacute;n.<\/p>\n<p>El pasado mes de febrero finalizaba la primera edici&oacute;n de la &lsquo;Escuela de Empleo&rsquo;, en la que participaron treinta y dos personas de las que cinco lograron acceder a un puesto laboral fruto de su participaci&oacute;n. Las veintisiete restantes se encuentran inmersas en un proceso de b&uacute;squeda activa de empleo, tomando parte algunas de ellas en procesos de reclutamiento abiertos y recibiendo formaci&oacute;n. Asimismo, tras finalizar la fase formativa, las personas participantes realizaron varios cuestionarios donde pudieron valorar su grado de satisfacci&oacute;n sobre la formaci&oacute;n recibida, las aulas, su percepci&oacute;n sobre la mejora de su empleabilidad y su satisfacci&oacute;n global con el proyecto. El resultado de estos cuestionarios ha sido positivo, destacando especialmente la buena valoraci&oacute;n acerca del contenido formativo, el profesorado de la Escuela y las herramientas proporcionadas para la mejora de la empleabilidad.<\/p>\n<p>La &lsquo;Escuela de Empleo&rsquo; est&aacute; dirigida a personas que cuenten con un t&iacute;tulo universitario o de formaci&oacute;n profesional de grado medio o superior y, tambi&eacute;n, para quienes dispongan de un certificado de profesionalidad de nivel 2 o 3; en todos los casos, no podr&aacute;n haber transcurrido m&aacute;s de 36 meses desde la obtenci&oacute;n de la titulaci&oacute;n. As&iacute;, esta iniciativa ofrece una formaci&oacute;n profesionalizadora que se desarrollar&aacute; durante 304 horas semipresenciales y, adem&aacute;s, como principal novedad en esta segunda edici&oacute;n se realizar&aacute;n 100 horas de pr&aacute;cticas en empresas.<\/p>\n<p>Las personas interesadas en acceder al proyecto deben cumplir una serie de requisitos que se pueden consultar con detalle en <a href='..\/..\/es\/proyecto\/escuela_de_empleo\/73\/3\/'>aqu&iacute;<\/a>. Una vez finalizada la selecci&oacute;n de participantes, la &#8216;Escuela de Empleo&#8217; comenzar&aacute; su andadura en el mes de abril.<\/p>\n<p>&nbsp;<\/p>\n","protected":false},"excerpt":{"rendered":"<p>Los resultados de las encuestas de satisfacci&oacute;n hechas por el alumnado de la primera edici&oacute;n muestran valoraciones positivas y recomendaciones que servir&aacute;n para continuar con el trabajo de este proyecto. Las personas interesadas en participar pueden inscribirse hasta el 22 de marzo a trav&eacute;s de la sede electr&oacute;nica de la Fundaci&oacute;n General de la Universidad de La Laguna.<\/p>\n","protected":false},"author":36,"featured_media":16328,"comment_status":"closed","ping_status":"open","sticky":false,"template":"","format":"standard","meta":{"footnotes":""},"categories":[3],"tags":[173,518,671,672,1079,1353,1424],"featured_image_thumbnail_url":"https:\/\/fg.ull.es\/hemeroteca\/wp-content\/uploads\/sites\/14\/2015\/04\/2819_rh_presentacion_escuela_de_empleo_1-300x178.jpg","_links":{"self":[{"href":"https:\/\/fg.ull.es\/hemeroteca\/wp-json\/wp\/v2\/posts\/16329"}],"collection":[{"href":"https:\/\/fg.ull.es\/hemeroteca\/wp-json\/wp\/v2\/posts"}],"about":[{"href":"https:\/\/fg.ull.es\/hemeroteca\/wp-json\/wp\/v2\/types\/post"}],"author":[{"embeddable":true,"href":"https:\/\/fg.ull.es\/hemeroteca\/wp-json\/wp\/v2\/users\/36"}],"replies":[{"embeddable":true,"href":"https:\/\/fg.ull.es\/hemeroteca\/wp-json\/wp\/v2\/comments?post=16329"}],"version-history":[{"count":0,"href":"https:\/\/fg.ull.es\/hemeroteca\/wp-json\/wp\/v2\/posts\/16329\/revisions"}],"wp:featuredmedia":[{"embeddable":true,"href":"https:\/\/fg.ull.es\/hemeroteca\/wp-json\/wp\/v2\/media\/16328"}],"wp:attachment":[{"href":"https:\/\/fg.ull.es\/hemeroteca\/wp-json\/wp\/v2\/media?parent=16329"}],"wp:term":[{"taxonomy":"category","embeddable":true,"href":"https:\/\/fg.ull.es\/hemeroteca\/wp-json\/wp\/v2\/categories?post=16329"},{"taxonomy":"post_tag","embeddable":true,"href":"https:\/\/fg.ull.es\/hemeroteca\/wp-json\/wp\/v2\/tags?post=16329"}],"curies":[{"name":"wp","href":"https:\/\/api.w.org\/{rel}","templated":true}]}}