{"id":16320,"date":"2015-03-18T14:31:17","date_gmt":"2015-03-18T14:31:17","guid":{"rendered":"http:\/\/www.fg.ull.es\/?p=16320"},"modified":"2015-03-18T14:31:17","modified_gmt":"2015-03-18T14:31:17","slug":"la-feria-diviertete-y-experimenta-organizada-por-cienciull-animara-el-entorno-de-la-final-nacional-del-torneo-de-robotica-first-lego-league-fll","status":"publish","type":"post","link":"https:\/\/fg.ull.es\/hemeroteca\/2015\/03\/18\/la-feria-diviertete-y-experimenta-organizada-por-cienciull-animara-el-entorno-de-la-final-nacional-del-torneo-de-robotica-first-lego-league-fll\/","title":{"rendered":"La feria &#039;Divi\u00e9rtete y Experimenta&#039;, organizada por cienci@ULL, animar\u00e1 el entorno de la final nacional del torneo de rob\u00f3tica FIRST LEGO League (FLL)"},"content":{"rendered":"<p>Tendr&aacute; lugar el pr&oacute;ximo 22 de marzo en el Recinto Ferial de Santa Cruz de Tenerife y ofrecer&aacute; numerosas actividades para todos los p&uacute;blicos con la ciencia y la tecnolog&iacute;a como protagonistas. Adem&aacute;s, mostrar&aacute; parte de la actividad investigadora de la Universidad de La Laguna y en otros Centros de I&#043;D canarios.<\/p>\n<p><\/p>\n<p>La feria cient&iacute;fica &#8216;Divi&eacute;rtete y Experimenta&#8217;, tras realizarse en la fase regional de FIRST LEGO League el pasado mes de febrero en Arona, volver&aacute; a estimular la curiosidad por la ciencia y la tecnolog&iacute;a esta vez entre los asistentes a la final nacional de este&nbsp; torneo de rob&oacute;tica. La final, organizada este a&ntilde;o por el Parque Cient&iacute;fico y Tecnol&oacute;gico de Tenerife con la Fundaci&oacute;n Scientia, se celebrar&aacute; el pr&oacute;ximo domingo 22 de marzo en el Recinto Ferial de Santa Cruz de Tenerife con la participaci&oacute;n de 37 equipos para la modalidad de FIRST LEGO League y 20 para la modalidad FIRST LEGO League Junior.<\/p>\n<p>La Feria acoger&aacute; una muestra de la actividad investigadora que se desarrolla en los centros de I D i de Canarias y se realizar&aacute;n exposiciones pr&aacute;cticas, talleres y actividades l&uacute;dicas como papiroflexia, pintura y actuaciones musicales.<\/p>\n<p>En esta ocasi&oacute;n contar&aacute; en torno a veinti&uacute;n stands, entre los que estar&aacute;n los de dos grupos de investigaci&oacute;n de la ULL: Eduticate (realidad aumentada aplicada a la Educaci&oacute;n) y el Grupo de Rob&oacute;tica.<\/p>\n<p>Adem&aacute;s participan las siguientes organizaciones: Uni&oacute;n de Radio Aficionados de Chasna; el Instituto Tecnol&oacute;gico y de Energ&iacute;as Renovables (ITER); Tinerflecta; la Sociedad Canaria Isaac Newton, CEPSA; Tenerife Maker Space, ,&nbsp; INVOLCAN (Instituto Volcanol&oacute;gico de Canarias);&nbsp; IES Geneto; &nbsp;IPNA -CSIC (Consejo Superior de Investigaciones Cient&iacute;ficas); PLOCAN (Plataforma Oce&aacute;nica de Canarias) y la Fundaci&oacute;n Canarias Recicla. Tambi&eacute;n estar&aacute;n presentes las empresas &Aacute;baco y c&aacute;lculo mental, Robotix,&nbsp; Droiding, Jugueter&iacute;a Arvelo, Jumping Clay y Libbys.&nbsp; &nbsp;<\/p>\n","protected":false},"excerpt":{"rendered":"<p>Tendr&aacute; lugar el pr&oacute;ximo 22 de marzo en el Recinto Ferial de Santa Cruz de Tenerife y ofrecer&aacute; numerosas actividades para todos los p&uacute;blicos con la ciencia y la tecnolog&iacute;a como protagonistas. Adem&aacute;s, mostrar&aacute; parte de la actividad investigadora de la Universidad de La Laguna y en otros Centros de I&#043;D canarios.<\/p>\n","protected":false},"author":36,"featured_media":16319,"comment_status":"closed","ping_status":"open","sticky":false,"template":"","format":"standard","meta":{"footnotes":""},"categories":[8],"tags":[173,821,1353],"featured_image_thumbnail_url":"https:\/\/fg.ull.es\/hemeroteca\/wp-content\/uploads\/sites\/14\/2015\/04\/2824_pz_feria_3-300x225.jpg","_links":{"self":[{"href":"https:\/\/fg.ull.es\/hemeroteca\/wp-json\/wp\/v2\/posts\/16320"}],"collection":[{"href":"https:\/\/fg.ull.es\/hemeroteca\/wp-json\/wp\/v2\/posts"}],"about":[{"href":"https:\/\/fg.ull.es\/hemeroteca\/wp-json\/wp\/v2\/types\/post"}],"author":[{"embeddable":true,"href":"https:\/\/fg.ull.es\/hemeroteca\/wp-json\/wp\/v2\/users\/36"}],"replies":[{"embeddable":true,"href":"https:\/\/fg.ull.es\/hemeroteca\/wp-json\/wp\/v2\/comments?post=16320"}],"version-history":[{"count":0,"href":"https:\/\/fg.ull.es\/hemeroteca\/wp-json\/wp\/v2\/posts\/16320\/revisions"}],"wp:featuredmedia":[{"embeddable":true,"href":"https:\/\/fg.ull.es\/hemeroteca\/wp-json\/wp\/v2\/media\/16319"}],"wp:attachment":[{"href":"https:\/\/fg.ull.es\/hemeroteca\/wp-json\/wp\/v2\/media?parent=16320"}],"wp:term":[{"taxonomy":"category","embeddable":true,"href":"https:\/\/fg.ull.es\/hemeroteca\/wp-json\/wp\/v2\/categories?post=16320"},{"taxonomy":"post_tag","embeddable":true,"href":"https:\/\/fg.ull.es\/hemeroteca\/wp-json\/wp\/v2\/tags?post=16320"}],"curies":[{"name":"wp","href":"https:\/\/api.w.org\/{rel}","templated":true}]}}