{"id":16305,"date":"2015-03-18T11:21:36","date_gmt":"2015-03-18T11:21:36","guid":{"rendered":"http:\/\/www.fg.ull.es\/?p=16305"},"modified":"2015-03-18T11:21:36","modified_gmt":"2015-03-18T11:21:36","slug":"ultimos-dias-para-inscribirse-en-el-startup-weekend-tenerife-que-se-celebrara-este-fin-de-semana","status":"publish","type":"post","link":"https:\/\/fg.ull.es\/hemeroteca\/2015\/03\/18\/ultimos-dias-para-inscribirse-en-el-startup-weekend-tenerife-que-se-celebrara-este-fin-de-semana\/","title":{"rendered":"\u00daltimos d\u00edas para inscribirse en el Startup Weekend Tenerife que se celebrar\u00e1 este fin de semana"},"content":{"rendered":"<p>En el evento se transformar&aacute;n ideas en empresas en 54 horas a partir de un intenso trabajo de equipo y con el apoyo de reconocidos mentores. Tendr&aacute; lugar en el edificio de Bellas Artes de la Facultad de Humanidades de la ULL y las entradas, que incluyen las comidas del fin de semana, se podr&aacute;n adquirir a precio reducido de 30 euros hasta el 19 de marzo.<\/p>\n<p><\/p>\n<p>La nueva edici&oacute;n del <em>Startup Weekend en Tenerife<\/em>, que se celebrar&aacute; el 20, 21 y 22 de marzo en el edificio de Bellas Artes de la Facultad de Humanidades de la Universidad de La Laguna, entra en su &uacute;ltima semana de inscripciones. Las personas interesadas podr&aacute;n hacerlo hasta el pr&oacute;ximo jueves 19 de marzo a las 16 horas y el precio de la entrada, que incluye todas las comidas del fin de semana, es de 30 euros. &nbsp;<\/p>\n<p>Este evento de un fin de semana concentrar&aacute; a un grupo de participantes, desarrolladores, empresarios y a otros profesionales para llevar a cabo comunidades, empresas y proyectos en apenas cincuenta y cuatro horas. Est&aacute; especialmente dirigido a desarrolladores\/programadores, dise&ntilde;adores y personas con perfiles comerciales o financieros. Formar&aacute;n grupos de trabajo compuestos por entre seis y ocho profesionales para llevar a cabo sus ideas de negocio. A lo largo de todo el fin de semana,&nbsp; los participantes deber&aacute;n plantearse la meta de perfeccionar sus ideas empresariales, con la intenci&oacute;n de alcanzar el reconocimiento del evento y posicionarse desde las primeras etapas como un modelo innovador e interesante.<\/p>\n<p>La conferencia inaugural del evento correr&aacute; a cargo del tinerfe&ntilde;o Iv&aacute;n Rodr&iacute;guez Gonz&aacute;lez, <em>Chief Compliance Officer<\/em> de la empresa Pirendo. La charla tendr&aacute; un marcado car&aacute;cter motivacional con el objetivo de que los participantes adquieran una predisposici&oacute;n positiva para afrontar los retos del fin de semana. Adem&aacute;s, otros mentores que asesorar&aacute;n y ayudar&aacute;n a los participantes a desarrollar sus ideas son: Clara &Aacute;vila, colaboradora del peri&oacute;dico &ldquo;El Pa&iacute;s&rdquo; y &ldquo;TV2&rdquo; y responsable de contenidos y redes sociales de la ONG <em>Save the Children Espa&ntilde;a;<\/em> Tim Delhaes, co-fundador &amp; CEO de mon.ki; Guillermo Marqueta-Siibert, director de la Fundaci&oacute;n Inlea; Daniel Romy Mart&iacute;, director de inversiones en Media Digital Ventures; Carlos Mart&iacute;nez, partner-CEO en M&amp;Partners; Lavin Luis, experto en startups y emprendedor; David Mac&iacute;as Alejandro, CEO en Videolean y Motion4startups; Francisco Mesa, director t&eacute;cnico en eldia.es; Isidro Quintana Ravelo, fundador, CEO y director creativo de Promineo Studios; Igor Modino, co-fundador de DARMA Projects y CTO de eSportics; Luis Alcal&aacute; Mascare&ntilde;o, fundador y director de proyectos en FreshCommerce; y Rafa Torres, UX y Product Design Consultant.<\/p>\n<p>Esta tercera edici&oacute;n del evento cuenta, hasta el momento, con el apoyo de veintitr&eacute;s empresas y entidades canarias. Asimismo, tiene a la Universidad de La Laguna y a su Fundaci&oacute;n General como principales sponsors. El Parque Cient&iacute;fico y Tecnol&oacute;gico de Tenerife, BC Publicidad, Grupo Rahn y Smart, tambi&eacute;n se apoyan el evento. De igual manera, colaboran: Coworking Anaga, Fletcher.Co, Iombi, Franja47, ENC Legal &amp; Corporate, Naixu, Darma Project, Dorada, Metrotenerife, Fonteide, Musicanarias, Dulce Compa&ntilde;&iacute;a, Universo Crowdfunding, Art&amp;CO, Coworking Nomad, GRADE y Videolean.<\/p>\n","protected":false},"excerpt":{"rendered":"<p>En el evento se transformar&aacute;n ideas en empresas en 54 horas a partir de un intenso trabajo de equipo y con el apoyo de reconocidos mentores. Tendr&aacute; lugar en el edificio de Bellas Artes de la Facultad de Humanidades de la ULL y las entradas, que incluyen las comidas del fin de semana, se podr&aacute;n adquirir a precio reducido de 30 euros hasta el 19 de marzo.<\/p>\n","protected":false},"author":36,"featured_media":16304,"comment_status":"closed","ping_status":"open","sticky":false,"template":"","format":"standard","meta":{"footnotes":""},"categories":[8],"tags":[173,821,1353,1424],"featured_image_thumbnail_url":"https:\/\/fg.ull.es\/hemeroteca\/wp-content\/uploads\/sites\/14\/2015\/04\/2811_ao_carlos_blanco2-300x168.jpg","_links":{"self":[{"href":"https:\/\/fg.ull.es\/hemeroteca\/wp-json\/wp\/v2\/posts\/16305"}],"collection":[{"href":"https:\/\/fg.ull.es\/hemeroteca\/wp-json\/wp\/v2\/posts"}],"about":[{"href":"https:\/\/fg.ull.es\/hemeroteca\/wp-json\/wp\/v2\/types\/post"}],"author":[{"embeddable":true,"href":"https:\/\/fg.ull.es\/hemeroteca\/wp-json\/wp\/v2\/users\/36"}],"replies":[{"embeddable":true,"href":"https:\/\/fg.ull.es\/hemeroteca\/wp-json\/wp\/v2\/comments?post=16305"}],"version-history":[{"count":0,"href":"https:\/\/fg.ull.es\/hemeroteca\/wp-json\/wp\/v2\/posts\/16305\/revisions"}],"wp:featuredmedia":[{"embeddable":true,"href":"https:\/\/fg.ull.es\/hemeroteca\/wp-json\/wp\/v2\/media\/16304"}],"wp:attachment":[{"href":"https:\/\/fg.ull.es\/hemeroteca\/wp-json\/wp\/v2\/media?parent=16305"}],"wp:term":[{"taxonomy":"category","embeddable":true,"href":"https:\/\/fg.ull.es\/hemeroteca\/wp-json\/wp\/v2\/categories?post=16305"},{"taxonomy":"post_tag","embeddable":true,"href":"https:\/\/fg.ull.es\/hemeroteca\/wp-json\/wp\/v2\/tags?post=16305"}],"curies":[{"name":"wp","href":"https:\/\/api.w.org\/{rel}","templated":true}]}}