{"id":16275,"date":"2015-03-16T13:27:19","date_gmt":"2015-03-16T13:27:19","guid":{"rendered":"http:\/\/www.fg.ull.es\/?p=16275"},"modified":"2015-03-16T13:27:19","modified_gmt":"2015-03-16T13:27:19","slug":"la-profesora-de-la-ull-paloma-lopez-reillo-recibe-el-premio-a-la-innovacion-educativa-2015-por-el-uso-del-hipervideo-en-la-docencia","status":"publish","type":"post","link":"https:\/\/fg.ull.es\/hemeroteca\/2015\/03\/16\/la-profesora-de-la-ull-paloma-lopez-reillo-recibe-el-premio-a-la-innovacion-educativa-2015-por-el-uso-del-hipervideo-en-la-docencia\/","title":{"rendered":"La profesora de la ULL, Paloma L\u00f3pez-Reillo, recibe el &#039;Premio a la Innovaci\u00f3n Educativa 2015&#039; por el uso del hiperv\u00eddeo en la docencia"},"content":{"rendered":"<p>El premio fue entregado durante el d&iacute;a institucional de la ULL, el mi&eacute;rcoles 11 de marzo, de manos del rector Eduardo Dom&eacute;nech. El galard&oacute;n ha sido otorgado por el uso del hiperv&iacute;deo en la pr&aacute;ctica docente. Para profundizar m&aacute;s en esta pr&aacute;ctica impartir&aacute;, junto a Eduardo Negr&iacute;n, un curso online del 23 de marzo al 30 de abril.<\/p>\n<p><\/p>\n<p>La profesora del Departamento de Did&aacute;ctica e Investigaci&oacute;n de la Universidad de La Laguna, Paloma L&oacute;pez-Reillo, recibi&oacute; el pasado 11 de marzo durante el d&iacute;a institucional el &lsquo;Premio a la Innovaci&oacute;n Educativa 2015&rsquo; por el uso del hiperv&iacute;deo en la pr&aacute;ctica docente. Su proyecto, &ldquo;El uso del hiperv&iacute;deo en la docencia universitaria centrado en la actividad acad&eacute;mica del alumnado&rdquo;, result&oacute; galardonado por potenciar el desarrollo de la competencia digital entre el alumnado a trav&eacute;s del dise&ntilde;o y uso de materiales did&aacute;cticos audiovisuales.<\/p>\n<p>As&iacute;, dado el inter&eacute;s y la importancia de aprender a utilizar estas herramientas adecuadamente para comunicar en Internet, de manera sencilla, innovadora y avanzada, la pr&oacute;xima semana comenzar&aacute; a impartir el curso online &ldquo;Hazlo t&uacute; mism@&rdquo;. Estar&aacute; impartido por esta profesora y Eduardo Negr&iacute;n, licenciado en Comunicaci&oacute;n Audiovisual y doctorando de la ULL. &nbsp;Se celebrar&aacute; del 23 de marzo al 30 de abril y ser&aacute; convalidable por tres ECTS. Esta actividad formativa se encuentra enmarcada dentro de la iniciativa Inter-Lab, un espacio de creaci&oacute;n, investigaci&oacute;n y comunicaci&oacute;n de ideas de la Universidad de La Laguna.<\/p>\n<p>La inscripci&oacute;n se podr&aacute; realizar hasta el 22 de marzo a trav&eacute;s de la sede electr&oacute;nica de la Fundaci&oacute;n general de la ULL. El curso tiene un precio de 75 euros para el p&uacute;blico en general y de 60 euros para alumnado ULL y demandantes de empleo.<\/p>\n<p><a href='https:\/\/sede.fg.ull.es\/es\/curso\/detalle\/a15030007\/hazlo-tu-mism-el-hipervideo-como-recurso-de-innovacion-creacion-y-comunicacion'>(Inscripci&oacute;n aqu&iacute;)<\/a><\/p>\n<p><a href='https:\/\/www.youtube.com\/watch?v=JK0sXhMQA4s'>(M&aacute;s informaci&oacute;n aqu&iacute;)<\/a><\/p>\n","protected":false},"excerpt":{"rendered":"<p>El premio fue entregado durante el d&iacute;a institucional de la ULL, el mi&eacute;rcoles 11 de marzo, de manos del rector Eduardo Dom&eacute;nech. El galard&oacute;n ha sido otorgado por el uso del hiperv&iacute;deo en la pr&aacute;ctica docente. Para profundizar m&aacute;s en esta pr&aacute;ctica impartir&aacute;, junto a Eduardo Negr&iacute;n, un curso online del 23 de marzo al 30 de abril.<\/p>\n","protected":false},"author":36,"featured_media":16274,"comment_status":"closed","ping_status":"open","sticky":false,"template":"","format":"standard","meta":{"footnotes":""},"categories":[5],"tags":[173,421,672,1353,1424],"featured_image_thumbnail_url":"https:\/\/fg.ull.es\/hemeroteca\/wp-content\/uploads\/sites\/14\/2015\/04\/2802_1f_entrega_premio-300x188.png","_links":{"self":[{"href":"https:\/\/fg.ull.es\/hemeroteca\/wp-json\/wp\/v2\/posts\/16275"}],"collection":[{"href":"https:\/\/fg.ull.es\/hemeroteca\/wp-json\/wp\/v2\/posts"}],"about":[{"href":"https:\/\/fg.ull.es\/hemeroteca\/wp-json\/wp\/v2\/types\/post"}],"author":[{"embeddable":true,"href":"https:\/\/fg.ull.es\/hemeroteca\/wp-json\/wp\/v2\/users\/36"}],"replies":[{"embeddable":true,"href":"https:\/\/fg.ull.es\/hemeroteca\/wp-json\/wp\/v2\/comments?post=16275"}],"version-history":[{"count":0,"href":"https:\/\/fg.ull.es\/hemeroteca\/wp-json\/wp\/v2\/posts\/16275\/revisions"}],"wp:featuredmedia":[{"embeddable":true,"href":"https:\/\/fg.ull.es\/hemeroteca\/wp-json\/wp\/v2\/media\/16274"}],"wp:attachment":[{"href":"https:\/\/fg.ull.es\/hemeroteca\/wp-json\/wp\/v2\/media?parent=16275"}],"wp:term":[{"taxonomy":"category","embeddable":true,"href":"https:\/\/fg.ull.es\/hemeroteca\/wp-json\/wp\/v2\/categories?post=16275"},{"taxonomy":"post_tag","embeddable":true,"href":"https:\/\/fg.ull.es\/hemeroteca\/wp-json\/wp\/v2\/tags?post=16275"}],"curies":[{"name":"wp","href":"https:\/\/api.w.org\/{rel}","templated":true}]}}