{"id":16266,"date":"2015-03-16T11:36:53","date_gmt":"2015-03-16T11:36:53","guid":{"rendered":"http:\/\/www.fg.ull.es\/?p=16266"},"modified":"2015-03-16T11:36:53","modified_gmt":"2015-03-16T11:36:53","slug":"segundo-listado-definitivo-de-la-convocatoria-para-la-seleccion-de-una-beca-de-investigacion-con-cargo-al-proyecto-intervencion-comunitaria-intercultural-taco-ici-taco","status":"publish","type":"post","link":"https:\/\/fg.ull.es\/hemeroteca\/2015\/03\/16\/segundo-listado-definitivo-de-la-convocatoria-para-la-seleccion-de-una-beca-de-investigacion-con-cargo-al-proyecto-intervencion-comunitaria-intercultural-taco-ici-taco\/","title":{"rendered":"Segundo listado definitivo de la convocatoria para la selecci\u00f3n de una beca de investigaci\u00f3n con cargo al proyecto &#039;Intervenci\u00f3n Comunitaria Intercultural Taco (ICI TACO)&#039;"},"content":{"rendered":"<p style='text-align: left'>Finalizada la segunda fase del proceso selectivo, se procede a publicar el segundo listado definitivo de aceptados\/as en el proceso de selecci&oacute;n de un\/a becario\/a para cubrir una plaza de beca formativa de investigaci&oacute;n con cargo al proyecto<em> <\/em>&#8216;Intervenci&oacute;n Comunitaria Intercultural Taco (ICI TACO)&#8217;.<\/p>\n<p><\/p>\n<p style='text-align: left'>Concluye as&iacute; el proceso de selecci&oacute;n de un\/a becario\/a para cubrir las plazas de becas formativas de investigaci&oacute;n con cargo al mencionado proyecto.<\/p>\n<p style='text-align: left'>Para la valoraci&oacute;n de todas y cada una de las candidaturas se ha tomado como fundamento lo especificado en:<\/p>\n<ul style='text-align: left'>\n<li><a title='Bases Generales' href='..\/..\/public\/docs\/1721_ec_bases_generales_becas_formativas_de_investigacion.pdf' target='_blank' rel=\"noopener noreferrer\">Bases Generales<\/a><\/li>\n<li><a title='Perfil Singular' href='..\/..\/public\/docs\/1725_4r_bases_perfil_singular.pdf' target='_blank' rel=\"noopener noreferrer\">Perfil Singular<\/a><\/li>\n<\/ul>\n<p style='text-align: left'>Puede ver el segundo listado definitivo <a title='2 List Def' href='..\/..\/public\/docs\/1789_pp_2_listado_definitivo.pdf' target='_blank' rel=\"noopener noreferrer\">aqu&iacute;<\/a>.&nbsp;<\/p>\n<ul>\n<\/ul>\n","protected":false},"excerpt":{"rendered":"<p style='text-align: left'>Finalizada la segunda fase del proceso selectivo, se procede a publicar el segundo listado definitivo de aceptados\/as en el proceso de selecci&oacute;n de un\/a becario\/a para cubrir una plaza de beca formativa de investigaci&oacute;n con cargo al proyecto<em> <\/em>&#8216;Intervenci&oacute;n Comunitaria Intercultural Taco (ICI TACO)&#8217;.<\/p>\n","protected":false},"author":36,"featured_media":0,"comment_status":"closed","ping_status":"open","sticky":false,"template":"","format":"standard","meta":{"footnotes":""},"categories":[8],"tags":[173,230,862],"featured_image_thumbnail_url":null,"_links":{"self":[{"href":"https:\/\/fg.ull.es\/hemeroteca\/wp-json\/wp\/v2\/posts\/16266"}],"collection":[{"href":"https:\/\/fg.ull.es\/hemeroteca\/wp-json\/wp\/v2\/posts"}],"about":[{"href":"https:\/\/fg.ull.es\/hemeroteca\/wp-json\/wp\/v2\/types\/post"}],"author":[{"embeddable":true,"href":"https:\/\/fg.ull.es\/hemeroteca\/wp-json\/wp\/v2\/users\/36"}],"replies":[{"embeddable":true,"href":"https:\/\/fg.ull.es\/hemeroteca\/wp-json\/wp\/v2\/comments?post=16266"}],"version-history":[{"count":0,"href":"https:\/\/fg.ull.es\/hemeroteca\/wp-json\/wp\/v2\/posts\/16266\/revisions"}],"wp:attachment":[{"href":"https:\/\/fg.ull.es\/hemeroteca\/wp-json\/wp\/v2\/media?parent=16266"}],"wp:term":[{"taxonomy":"category","embeddable":true,"href":"https:\/\/fg.ull.es\/hemeroteca\/wp-json\/wp\/v2\/categories?post=16266"},{"taxonomy":"post_tag","embeddable":true,"href":"https:\/\/fg.ull.es\/hemeroteca\/wp-json\/wp\/v2\/tags?post=16266"}],"curies":[{"name":"wp","href":"https:\/\/api.w.org\/{rel}","templated":true}]}}