{"id":16264,"date":"2015-03-16T11:26:39","date_gmt":"2015-03-16T11:26:39","guid":{"rendered":"http:\/\/www.fg.ull.es\/?p=16264"},"modified":"2015-03-16T11:26:39","modified_gmt":"2015-03-16T11:26:39","slug":"exito-de-participacion-en-el-seminario-de-psicologia-y-coaching-deportivo","status":"publish","type":"post","link":"https:\/\/fg.ull.es\/hemeroteca\/2015\/03\/16\/exito-de-participacion-en-el-seminario-de-psicologia-y-coaching-deportivo\/","title":{"rendered":"\u00c9xito de participaci\u00f3n en el Seminario de Psicolog\u00eda y Coaching Deportivo"},"content":{"rendered":"<p>Tuvo lugar el pasado jueves, 12 de marzo, en la Facultad &nbsp;de Econom&iacute;a, Empresa y Turismo de la ULL y cont&oacute; con la participaci&oacute;n de un gran n&uacute;mero de personas.<\/p>\n<p><\/p>\n<p>El pasado 12 de marzo se celebr&oacute; el Seminario de Psicolog&iacute;a Y Coaching Deportivo en la Facultad de Econom&iacute;a, Empresa y Turismo de la Universidad de La Laguna con la asistencia de un gran n&uacute;mero de personas. Su ponente principal fue Mar&iacute;a Ruiz de O&ntilde;a Plaza, psic&oacute;loga-coach del Athletic Club de Bilbao y experta en psicolog&iacute;a deportiva.<\/p>\n<p>En el evento se ofreci&oacute; una visi&oacute;n pr&aacute;ctica de la psicolog&iacute;a deportiva, tanto en equipos profesionales como a nivel individual, as&iacute; como el aprendizaje de la gesti&oacute;n del talento desde una perspectiva pr&aacute;ctica y din&aacute;mica. El seminario estaba especialmente dirigido a entrenadores, deportistas, monitores, t&eacute;cnicos deportivos, psic&oacute;logos y estudiantes, aunque participaron todo tipo de personas.<\/p>\n<p>Asimismo, se llevaron a cabo actividades pr&aacute;cticas en las que los asistentes tuvieron una participaci&oacute;n activa. Tambi&eacute;n se dio a conocer la importancia de las habilidades y destrezas psicol&oacute;gicas en la mejora del rendimiento deportivo, as&iacute; como se destacaron los valores del deporte.<\/p>\n<p>&nbsp;<\/p>\n","protected":false},"excerpt":{"rendered":"<p>Tuvo lugar el pasado jueves, 12 de marzo, en la Facultad &nbsp;de Econom&iacute;a, Empresa y Turismo de la ULL y cont&oacute; con la participaci&oacute;n de un gran n&uacute;mero de personas.<\/p>\n","protected":false},"author":36,"featured_media":16263,"comment_status":"closed","ping_status":"open","sticky":false,"template":"","format":"standard","meta":{"footnotes":""},"categories":[5],"tags":[173,672,1353,1424],"featured_image_thumbnail_url":"https:\/\/fg.ull.es\/hemeroteca\/wp-content\/uploads\/sites\/14\/2015\/04\/2799_uj_img_4737-300x169.jpg","_links":{"self":[{"href":"https:\/\/fg.ull.es\/hemeroteca\/wp-json\/wp\/v2\/posts\/16264"}],"collection":[{"href":"https:\/\/fg.ull.es\/hemeroteca\/wp-json\/wp\/v2\/posts"}],"about":[{"href":"https:\/\/fg.ull.es\/hemeroteca\/wp-json\/wp\/v2\/types\/post"}],"author":[{"embeddable":true,"href":"https:\/\/fg.ull.es\/hemeroteca\/wp-json\/wp\/v2\/users\/36"}],"replies":[{"embeddable":true,"href":"https:\/\/fg.ull.es\/hemeroteca\/wp-json\/wp\/v2\/comments?post=16264"}],"version-history":[{"count":0,"href":"https:\/\/fg.ull.es\/hemeroteca\/wp-json\/wp\/v2\/posts\/16264\/revisions"}],"wp:featuredmedia":[{"embeddable":true,"href":"https:\/\/fg.ull.es\/hemeroteca\/wp-json\/wp\/v2\/media\/16263"}],"wp:attachment":[{"href":"https:\/\/fg.ull.es\/hemeroteca\/wp-json\/wp\/v2\/media?parent=16264"}],"wp:term":[{"taxonomy":"category","embeddable":true,"href":"https:\/\/fg.ull.es\/hemeroteca\/wp-json\/wp\/v2\/categories?post=16264"},{"taxonomy":"post_tag","embeddable":true,"href":"https:\/\/fg.ull.es\/hemeroteca\/wp-json\/wp\/v2\/tags?post=16264"}],"curies":[{"name":"wp","href":"https:\/\/api.w.org\/{rel}","templated":true}]}}