{"id":16261,"date":"2015-03-16T11:05:20","date_gmt":"2015-03-16T11:05:20","guid":{"rendered":"http:\/\/www.fg.ull.es\/?p=16261"},"modified":"2015-03-16T11:05:20","modified_gmt":"2015-03-16T11:05:20","slug":"segundo-listado-definitivo-de-la-convocatoria-para-la-seleccion-de-una-beca-de-investigacion-con-cargo-al-proyecto-catedra-de-ciudadania-y-participacion-social","status":"publish","type":"post","link":"https:\/\/fg.ull.es\/hemeroteca\/2015\/03\/16\/segundo-listado-definitivo-de-la-convocatoria-para-la-seleccion-de-una-beca-de-investigacion-con-cargo-al-proyecto-catedra-de-ciudadania-y-participacion-social\/","title":{"rendered":"Segundo listado definitivo de la convocatoria para la selecci\u00f3n de una beca de investigaci\u00f3n con cargo al proyecto &#039;C\u00e1tedra de Ciudadan\u00eda y Participaci\u00f3n Social&#039;"},"content":{"rendered":"<p style='text-align: left'>Finalizada la segunda fase del proceso selectivo se procede a publicar el segundo listado definitivo de aceptados\/as en el proceso de selecci&oacute;n de un\/a becario\/a para cubrir una plaza de beca formativa de investigaci&oacute;n con cargo al proyecto<em> &#8216;<\/em>C&aacute;tedra de Ciudadan&iacute;a y Participaci&oacute;n Social<em>&#8216;.&nbsp;<\/em><\/p>\n<p><\/p>\n<p style='text-align: left'>Concluye as&iacute; el proceso de selecci&oacute;n de un\/a becario\/a para cubrir las plazas de becas formativas de investigaci&oacute;n con cargo al mencionado proyecto.<\/p>\n<p style='text-align: left'>Para la valoraci&oacute;n de todas y cada una de las candidaturas se ha tomado como fundamento lo especificado en:<\/p>\n<ul style='text-align: left'>\n<li><a title='Bases Generales' href='..\/..\/public\/docs\/1721_ec_bases_generales_becas_formativas_de_investigacion.pdf' target='_blank' rel=\"noopener noreferrer\">Bases Generales<\/a><\/li>\n<li><a title='Perfil Singular' href='..\/..\/public\/docs\/1722_yw_perfil_singular_catedra_def.pdf' target='_blank' rel=\"noopener noreferrer\">Perfil Singular<\/a><\/li>\n<\/ul>\n<p style='text-align: left'>Puede ver el segundo listado definitivo <a title='2 List Def' href='..\/..\/public\/docs\/1787_np_2_listado_definitivo.pdf' target='_blank' rel=\"noopener noreferrer\">aqu&iacute;<\/a>.<\/p>\n","protected":false},"excerpt":{"rendered":"<p style='text-align: left'>Finalizada la segunda fase del proceso selectivo se procede a publicar el segundo listado definitivo de aceptados\/as en el proceso de selecci&oacute;n de un\/a becario\/a para cubrir una plaza de beca formativa de investigaci&oacute;n con cargo al proyecto<em> &#8216;<\/em>C&aacute;tedra de Ciudadan&iacute;a y Participaci&oacute;n Social<em>&#8216;.&nbsp;<\/em><\/p>\n","protected":false},"author":36,"featured_media":0,"comment_status":"closed","ping_status":"open","sticky":false,"template":"","format":"standard","meta":{"footnotes":""},"categories":[8],"tags":[173,230,862],"featured_image_thumbnail_url":null,"_links":{"self":[{"href":"https:\/\/fg.ull.es\/hemeroteca\/wp-json\/wp\/v2\/posts\/16261"}],"collection":[{"href":"https:\/\/fg.ull.es\/hemeroteca\/wp-json\/wp\/v2\/posts"}],"about":[{"href":"https:\/\/fg.ull.es\/hemeroteca\/wp-json\/wp\/v2\/types\/post"}],"author":[{"embeddable":true,"href":"https:\/\/fg.ull.es\/hemeroteca\/wp-json\/wp\/v2\/users\/36"}],"replies":[{"embeddable":true,"href":"https:\/\/fg.ull.es\/hemeroteca\/wp-json\/wp\/v2\/comments?post=16261"}],"version-history":[{"count":0,"href":"https:\/\/fg.ull.es\/hemeroteca\/wp-json\/wp\/v2\/posts\/16261\/revisions"}],"wp:attachment":[{"href":"https:\/\/fg.ull.es\/hemeroteca\/wp-json\/wp\/v2\/media?parent=16261"}],"wp:term":[{"taxonomy":"category","embeddable":true,"href":"https:\/\/fg.ull.es\/hemeroteca\/wp-json\/wp\/v2\/categories?post=16261"},{"taxonomy":"post_tag","embeddable":true,"href":"https:\/\/fg.ull.es\/hemeroteca\/wp-json\/wp\/v2\/tags?post=16261"}],"curies":[{"name":"wp","href":"https:\/\/api.w.org\/{rel}","templated":true}]}}