{"id":16259,"date":"2015-03-16T11:01:04","date_gmt":"2015-03-16T11:01:04","guid":{"rendered":"http:\/\/www.fg.ull.es\/?p=16259"},"modified":"2015-03-16T11:01:04","modified_gmt":"2015-03-16T11:01:04","slug":"primer-listado-definitivo-de-la-convocatoria-para-la-seleccion-de-personal-del-proyecto-diseno-y-aplicacion-web-para-el-control-brewer","status":"publish","type":"post","link":"https:\/\/fg.ull.es\/hemeroteca\/2015\/03\/16\/primer-listado-definitivo-de-la-convocatoria-para-la-seleccion-de-personal-del-proyecto-diseno-y-aplicacion-web-para-el-control-brewer\/","title":{"rendered":"Primer listado definitivo de la convocatoria para la selecci\u00f3n de personal del proyecto &#039;Dise\u00f1o y aplicaci\u00f3n web para el control Brewer&#039;"},"content":{"rendered":"<p style='text-align: left'>Finalizado el periodo de alegaciones se procede a publicar los listados con las personas que han sido seleccionadas para la segunda fase del proceso de selecci&oacute;n de personal con cargo al proyecto <em>&#8216;<\/em>Dise&ntilde;o y aplicaci&oacute;n web para el control Brewer<em>&#8216;<\/em>.<\/p>\n<p><\/p>\n<p style='text-align: left'>A partir del 17 de marzo de 2015 comienza la segunda fase del proceso.<\/p>\n<p style='text-align: left'>Para la valoraci&oacute;n de todas y cada una de las candidaturas, y de los futuros procesos, se ha tomado como fundamento lo especificado en:<\/p>\n<ul style='text-align: left'>\n<li><a title='Bases Generales' href='..\/..\/public\/docs\/1748_hq_bases_convocatoria_de_seleccion_de_personal.pdf' target='_blank' rel=\"noopener noreferrer\">Bases Generales<\/a><\/li>\n<li><a title='Perfil Singular' href='..\/..\/public\/docs\/1749_vy_perfil_singular.pdf' target='_blank' rel=\"noopener noreferrer\">Perfil Singular<\/a><\/li>\n<\/ul>\n<p style='text-align: left'>Puede ver los listados <a title='1er List Def' href='..\/..\/public\/docs\/1786_ln_1er_listado_definitivo.pdf' target='_blank' rel=\"noopener noreferrer\">aqu&iacute;<\/a>.<\/p>\n","protected":false},"excerpt":{"rendered":"<p style='text-align: left'>Finalizado el periodo de alegaciones se procede a publicar los listados con las personas que han sido seleccionadas para la segunda fase del proceso de selecci&oacute;n de personal con cargo al proyecto <em>&#8216;<\/em>Dise&ntilde;o y aplicaci&oacute;n web para el control Brewer<em>&#8216;<\/em>.<\/p>\n","protected":false},"author":36,"featured_media":0,"comment_status":"closed","ping_status":"open","sticky":false,"template":"","format":"standard","meta":{"footnotes":""},"categories":[8],"tags":[173,862,1066],"featured_image_thumbnail_url":null,"_links":{"self":[{"href":"https:\/\/fg.ull.es\/hemeroteca\/wp-json\/wp\/v2\/posts\/16259"}],"collection":[{"href":"https:\/\/fg.ull.es\/hemeroteca\/wp-json\/wp\/v2\/posts"}],"about":[{"href":"https:\/\/fg.ull.es\/hemeroteca\/wp-json\/wp\/v2\/types\/post"}],"author":[{"embeddable":true,"href":"https:\/\/fg.ull.es\/hemeroteca\/wp-json\/wp\/v2\/users\/36"}],"replies":[{"embeddable":true,"href":"https:\/\/fg.ull.es\/hemeroteca\/wp-json\/wp\/v2\/comments?post=16259"}],"version-history":[{"count":0,"href":"https:\/\/fg.ull.es\/hemeroteca\/wp-json\/wp\/v2\/posts\/16259\/revisions"}],"wp:attachment":[{"href":"https:\/\/fg.ull.es\/hemeroteca\/wp-json\/wp\/v2\/media?parent=16259"}],"wp:term":[{"taxonomy":"category","embeddable":true,"href":"https:\/\/fg.ull.es\/hemeroteca\/wp-json\/wp\/v2\/categories?post=16259"},{"taxonomy":"post_tag","embeddable":true,"href":"https:\/\/fg.ull.es\/hemeroteca\/wp-json\/wp\/v2\/tags?post=16259"}],"curies":[{"name":"wp","href":"https:\/\/api.w.org\/{rel}","templated":true}]}}