{"id":16242,"date":"2015-03-13T12:19:01","date_gmt":"2015-03-13T12:19:01","guid":{"rendered":"http:\/\/www.fg.ull.es\/?p=16242"},"modified":"2015-03-13T12:19:01","modified_gmt":"2015-03-13T12:19:01","slug":"la-proxima-semana-comienza-la-segunda-campana-universitaria-de-dona-sangre-en-este-curso-academico-2014-2015","status":"publish","type":"post","link":"https:\/\/fg.ull.es\/hemeroteca\/2015\/03\/13\/la-proxima-semana-comienza-la-segunda-campana-universitaria-de-dona-sangre-en-este-curso-academico-2014-2015\/","title":{"rendered":"La pr\u00f3xima semana comienza la segunda campa\u00f1a universitaria de &#039;Dona Sangre&#039; en este curso acad\u00e9mico 2014-2015"},"content":{"rendered":"<p>Las unidades m&oacute;viles de este servicio sanitario del Gobierno de Canarias recorrer&aacute;n los distintos campus universitarios desde el d&iacute;a 16 hasta el 27 de marzo. Estar&aacute;n en horario de ma&ntilde;ana y de tarde.<\/p>\n<p><\/p>\n<p>El&nbsp;Instituto Canario de Hemodonaci&oacute;n y Hemoterapia del Gobierno de Canarias<strong>&nbsp;<\/strong>comienza la segunda campa&ntilde;a universitaria de donaci&oacute;n de sangre para este curso acad&eacute;mico 2013\/2014.&nbsp; Con esta nueva campa&ntilde;a dentro del panorama universitario, se pretende realizar un llamamiento al alumnado y personal universitario, as&iacute; como para todo aquella persona externa que lo desee, para la donaci&oacute;n de sangre. Se trata de conseguir una mayor concienciaci&oacute;n entre estos colectivos sobre la importancia de la hemodonaci&oacute;n.<\/p>\n<p>Durante el lunes, las unidades estar&aacute;n en la Biblioteca de Guajara y en la Escuela Superior de Ingenier&iacute;a y Tecnolog&iacute;a. El jueves se trasladan a la Facultad de Ciencias de la Salud y a la Escuela Polit&eacute;cnica Superior de Ingenier&iacute;a. El viernes repetir&aacute;n las mismas facultades pero con distinto horario.&nbsp; Desde el lunes hasta el jueves permanecer&aacute;n en las Facultades de Ciencia. El mi&eacute;rcoles, aparte de ciencias, tambi&eacute;n estar&aacute;n en las facultades de Derecho y de Ciencias Pol&iacute;ticas, Sociales y de la Comunicaci&oacute;n y el jueves repetir&aacute;n en el Comedor de Guajara. Ser&aacute; el viernes 27, &uacute;ltimo d&iacute;a de la campa&ntilde;a, cuando se acercar&aacute;n a la Facultad de Educaci&oacute;n, en el Edificio Central.<\/p>\n<p>(Para consultar las secciones y los horarios&nbsp;<a href='http:\/\/www.ull.es\/Private\/folder\/institucional\/ull\/wull\/agenda\/2015\/marzo\/hemodonacion.pdf'>aqu&iacute;<\/a>)<\/p>\n","protected":false},"excerpt":{"rendered":"<p>Las unidades m&oacute;viles de este servicio sanitario del Gobierno de Canarias recorrer&aacute;n los distintos campus universitarios desde el d&iacute;a 16 hasta el 27 de marzo. Estar&aacute;n en horario de ma&ntilde;ana y de tarde.<\/p>\n","protected":false},"author":36,"featured_media":16241,"comment_status":"closed","ping_status":"open","sticky":false,"template":"","format":"standard","meta":{"footnotes":""},"categories":[6],"tags":[173,1353,1424],"featured_image_thumbnail_url":"https:\/\/fg.ull.es\/hemeroteca\/wp-content\/uploads\/sites\/14\/2015\/04\/2793_9y_insitituto_canario_de_hemodonacion-300x104.png","_links":{"self":[{"href":"https:\/\/fg.ull.es\/hemeroteca\/wp-json\/wp\/v2\/posts\/16242"}],"collection":[{"href":"https:\/\/fg.ull.es\/hemeroteca\/wp-json\/wp\/v2\/posts"}],"about":[{"href":"https:\/\/fg.ull.es\/hemeroteca\/wp-json\/wp\/v2\/types\/post"}],"author":[{"embeddable":true,"href":"https:\/\/fg.ull.es\/hemeroteca\/wp-json\/wp\/v2\/users\/36"}],"replies":[{"embeddable":true,"href":"https:\/\/fg.ull.es\/hemeroteca\/wp-json\/wp\/v2\/comments?post=16242"}],"version-history":[{"count":0,"href":"https:\/\/fg.ull.es\/hemeroteca\/wp-json\/wp\/v2\/posts\/16242\/revisions"}],"wp:featuredmedia":[{"embeddable":true,"href":"https:\/\/fg.ull.es\/hemeroteca\/wp-json\/wp\/v2\/media\/16241"}],"wp:attachment":[{"href":"https:\/\/fg.ull.es\/hemeroteca\/wp-json\/wp\/v2\/media?parent=16242"}],"wp:term":[{"taxonomy":"category","embeddable":true,"href":"https:\/\/fg.ull.es\/hemeroteca\/wp-json\/wp\/v2\/categories?post=16242"},{"taxonomy":"post_tag","embeddable":true,"href":"https:\/\/fg.ull.es\/hemeroteca\/wp-json\/wp\/v2\/tags?post=16242"}],"curies":[{"name":"wp","href":"https:\/\/api.w.org\/{rel}","templated":true}]}}