{"id":16230,"date":"2015-03-12T15:09:00","date_gmt":"2015-03-12T15:09:00","guid":{"rendered":"http:\/\/www.fg.ull.es\/?p=16230"},"modified":"2015-03-12T15:09:00","modified_gmt":"2015-03-12T15:09:00","slug":"el-marco-tributario-en-el-emprendimiento-sera-el-eje-de-la-proxima-pildora-formativa-de-emprende-ull","status":"publish","type":"post","link":"https:\/\/fg.ull.es\/hemeroteca\/2015\/03\/12\/el-marco-tributario-en-el-emprendimiento-sera-el-eje-de-la-proxima-pildora-formativa-de-emprende-ull\/","title":{"rendered":"El marco tributario en el emprendimiento ser\u00e1 el eje de la pr\u00f3xima p\u00edldora formativa de Emprende.ull"},"content":{"rendered":"<p>La und&eacute;cima sesi&oacute;n del ciclo de p&iacute;ldoras formativas de la Unidad de Emprendimiento de la Fundaci&oacute;n se desarrollar&aacute; el pr&oacute;ximo 25 de marzo en su horario habitual, de 16:30 a 19:30 horas.<\/p>\n<p><\/p>\n<p>La und&eacute;cima sesi&oacute;n del ciclo de p&iacute;ldoras formativas de Emprende.ull se celebrar&aacute; el pr&oacute;ximo 25 de marzo en su horario habitual, de 16:30 a 19:30 horas, en el aulario de la Fundaci&oacute;n General de la ULL. La actividad es totalmente gratuita y estar&aacute; dedicada a introducir a las personas asistentes en el marco tributario del emprendimiento.<\/p>\n<p>Esta formaci&oacute;n tiene como objetivo que las personas con inquietudes emprendedoras conozcan el marco tributario relacionado con el ejercicio de actividades econ&oacute;micas, present&aacute;ndoles una perspectiva global que les resulte &uacute;til en la planificaci&oacute;n y formulaci&oacute;n de su proyecto de emprendimiento.<\/p>\n<p>Estar&aacute; impartida por Ram&oacute;n Mendoza Torres, socio consultor en Garo&eacute; Travis S.L, que se encargar&aacute; de profundizar en conceptos fiscales como los tipos impositivos, las retenciones, el IRPF, el IGIC, el IAE, los modelos tributarios, etc. Y es que, las obligaciones legales a las que est&aacute; sujeta la persona emprendedora no siempre son las mismas.<\/p>\n<p>La sesi&oacute;n estar&aacute; basada en una metodolog&iacute;a eminentemente pr&aacute;ctica, para proporcionar a los\/as potenciales emprendedores\/as las competencias y herramientas necesarias para el desarrollo de su actividad.<\/p>\n<p>Las personas interesadas en realizar la inscripci&oacute;n podr&aacute;n hacerlo hasta el mismo d&iacute;a 25 de marzo hasta las doce la ma&ntilde;ana.<\/p>\n<p><a href='https:\/\/sede.fg.ull.es\/es\/emprendimiento\/detalle\/a14040236\/pildora-formativa-el-marco-tributario-en-el-emprendimiento'>(M&aacute;s informaci&oacute;n e inscripci&oacute;n aqu&iacute;)<\/a><\/p>\n","protected":false},"excerpt":{"rendered":"<p>La und&eacute;cima sesi&oacute;n del ciclo de p&iacute;ldoras formativas de la Unidad de Emprendimiento de la Fundaci&oacute;n se desarrollar&aacute; el pr&oacute;ximo 25 de marzo en su horario habitual, de 16:30 a 19:30 horas.<\/p>\n","protected":false},"author":36,"featured_media":16229,"comment_status":"closed","ping_status":"open","sticky":false,"template":"","format":"standard","meta":{"footnotes":""},"categories":[3],"tags":[173,533,541,672,1353,1424],"featured_image_thumbnail_url":"https:\/\/fg.ull.es\/hemeroteca\/wp-content\/uploads\/sites\/14\/2015\/04\/2788_rm_pantalla_1280x720px01-300x169.jpg","_links":{"self":[{"href":"https:\/\/fg.ull.es\/hemeroteca\/wp-json\/wp\/v2\/posts\/16230"}],"collection":[{"href":"https:\/\/fg.ull.es\/hemeroteca\/wp-json\/wp\/v2\/posts"}],"about":[{"href":"https:\/\/fg.ull.es\/hemeroteca\/wp-json\/wp\/v2\/types\/post"}],"author":[{"embeddable":true,"href":"https:\/\/fg.ull.es\/hemeroteca\/wp-json\/wp\/v2\/users\/36"}],"replies":[{"embeddable":true,"href":"https:\/\/fg.ull.es\/hemeroteca\/wp-json\/wp\/v2\/comments?post=16230"}],"version-history":[{"count":0,"href":"https:\/\/fg.ull.es\/hemeroteca\/wp-json\/wp\/v2\/posts\/16230\/revisions"}],"wp:featuredmedia":[{"embeddable":true,"href":"https:\/\/fg.ull.es\/hemeroteca\/wp-json\/wp\/v2\/media\/16229"}],"wp:attachment":[{"href":"https:\/\/fg.ull.es\/hemeroteca\/wp-json\/wp\/v2\/media?parent=16230"}],"wp:term":[{"taxonomy":"category","embeddable":true,"href":"https:\/\/fg.ull.es\/hemeroteca\/wp-json\/wp\/v2\/categories?post=16230"},{"taxonomy":"post_tag","embeddable":true,"href":"https:\/\/fg.ull.es\/hemeroteca\/wp-json\/wp\/v2\/tags?post=16230"}],"curies":[{"name":"wp","href":"https:\/\/api.w.org\/{rel}","templated":true}]}}