{"id":16221,"date":"2015-03-12T12:08:34","date_gmt":"2015-03-12T12:08:34","guid":{"rendered":"http:\/\/www.fg.ull.es\/?p=16221"},"modified":"2015-03-12T12:08:34","modified_gmt":"2015-03-12T12:08:34","slug":"tenerife-se-prepara-para-acoger-la-final-de-la-competicion-de-robotica-mas-importante-de-espana","status":"publish","type":"post","link":"https:\/\/fg.ull.es\/hemeroteca\/2015\/03\/12\/tenerife-se-prepara-para-acoger-la-final-de-la-competicion-de-robotica-mas-importante-de-espana\/","title":{"rendered":"Tenerife se prepara para acoger la final de la competici\u00f3n de rob\u00f3tica m\u00e1s importante de Espa\u00f1a"},"content":{"rendered":"<p>La gran final de First Lego League se celebrar&aacute; el pr&oacute;ximo domingo, 22 de marzo, en el Recinto Ferial de Santa Cruz de Tenerife y contar&aacute; con la participaci&oacute;n de 37 equipos de todo el territorio nacional.<\/p>\n<p><\/p>\n<p>Tenerife ultima los preparativos para acoger el domingo, 22 de marzo, la gran final nacional de la First Lego League (FLL), la competici&oacute;n de rob&oacute;tica m&aacute;s importante de Espa&ntilde;a que se celebrar&aacute; en la Isla por primera vez. El evento, organizado por el Cabildo y la Fundaci&oacute;n Scientia, contar&aacute; con la participaci&oacute;n de 37 equipos de todo el territorio nacional.<\/p>\n<p>El consejero insular de Econom&iacute;a, Competitividad e Innovaci&oacute;n, Antonio Garc&iacute;a Marichal, destac&oacute; que &#8216;m&aacute;s de 1.000 personas se trasladar&aacute;n desde la Pen&iacute;nsula para participar en esta competici&oacute;n que incluye tres apartados: rob&oacute;tica, proyecto cient&iacute;fico y proyecto en valores FLL&#8217;.<\/p>\n<p>La suma de puntuaciones en todos estos aspectos es lo que determinar&aacute; el ganador del desaf&iacute;o FLL World Class. Adem&aacute;s de defender su proyecto cient&iacute;fico, los equipos deber&aacute;n superar tambi&eacute;n emocionantes pruebas contrarreloj con sus robots programables construidos con Lego.<\/p>\n<p>Para dar un matiz m&aacute;s canario al encuentro cient&iacute;fico-educativo, los organizadores han promovido un peculiar concurso que une la esencia del Carnaval y la filosof&iacute;a de FLL: el concurso &#8216;Legol&iacute;zanos con tu disfraz&#8217; que promociona el Parque Cient&iacute;fico y Tecnol&oacute;gico de Tenerife (PCTT).<\/p>\n<p>Para participar solo hay que ser mayor de 14 a&ntilde;os y presentar un disfraz inspirado en tem&aacute;ticas relacionadas con los legos, la rob&oacute;tica o el desaf&iacute;o de este a&ntilde;o, que tiene como tema la educaci&oacute;n del futuro.<\/p>\n<p>Los participantes en esta actividad interactuar&aacute;n con el p&uacute;blico durante toda la ma&ntilde;ana del d&iacute;a 22, desde las 09:00 a las 14:00 horas, para dinamizar las zonas de la feria &#8216;Divi&eacute;rtete y experimenta&#8217;, zona PIT y zona de descanso, e intentar conseguir as&iacute; los votos al mejor disfraz.<\/p>\n<p>Para optar a ser concursante, primero debe enviarse el boceto o foto de la fantas&iacute;a elegida antes del 16 de marzo de 2015 a la direcci&oacute;n de correo fllcanarias@pctt.es, con el asunto &#8216;Concurso disfraces FLL&#8217; e indicando nombre y apellidos, DNI, t&iacute;tulo del disfraz y un tel&eacute;fono y un correo electr&oacute;nico de contacto.<\/p>\n<p>*Nota cedida por el Cabildo de Tenerife<\/p>\n","protected":false},"excerpt":{"rendered":"<p>La gran final de First Lego League se celebrar&aacute; el pr&oacute;ximo domingo, 22 de marzo, en el Recinto Ferial de Santa Cruz de Tenerife y contar&aacute; con la participaci&oacute;n de 37 equipos de todo el territorio nacional.<\/p>\n","protected":false},"author":36,"featured_media":16220,"comment_status":"closed","ping_status":"open","sticky":false,"template":"","format":"standard","meta":{"footnotes":""},"categories":[8],"tags":[173,821,1353],"featured_image_thumbnail_url":"https:\/\/fg.ull.es\/hemeroteca\/wp-content\/uploads\/sites\/14\/2015\/04\/2785_jn_ninosfll-300x200.jpg","_links":{"self":[{"href":"https:\/\/fg.ull.es\/hemeroteca\/wp-json\/wp\/v2\/posts\/16221"}],"collection":[{"href":"https:\/\/fg.ull.es\/hemeroteca\/wp-json\/wp\/v2\/posts"}],"about":[{"href":"https:\/\/fg.ull.es\/hemeroteca\/wp-json\/wp\/v2\/types\/post"}],"author":[{"embeddable":true,"href":"https:\/\/fg.ull.es\/hemeroteca\/wp-json\/wp\/v2\/users\/36"}],"replies":[{"embeddable":true,"href":"https:\/\/fg.ull.es\/hemeroteca\/wp-json\/wp\/v2\/comments?post=16221"}],"version-history":[{"count":0,"href":"https:\/\/fg.ull.es\/hemeroteca\/wp-json\/wp\/v2\/posts\/16221\/revisions"}],"wp:featuredmedia":[{"embeddable":true,"href":"https:\/\/fg.ull.es\/hemeroteca\/wp-json\/wp\/v2\/media\/16220"}],"wp:attachment":[{"href":"https:\/\/fg.ull.es\/hemeroteca\/wp-json\/wp\/v2\/media?parent=16221"}],"wp:term":[{"taxonomy":"category","embeddable":true,"href":"https:\/\/fg.ull.es\/hemeroteca\/wp-json\/wp\/v2\/categories?post=16221"},{"taxonomy":"post_tag","embeddable":true,"href":"https:\/\/fg.ull.es\/hemeroteca\/wp-json\/wp\/v2\/tags?post=16221"}],"curies":[{"name":"wp","href":"https:\/\/api.w.org\/{rel}","templated":true}]}}