{"id":16209,"date":"2015-03-10T19:11:24","date_gmt":"2015-03-10T19:11:24","guid":{"rendered":"http:\/\/www.fg.ull.es\/?p=16209"},"modified":"2015-03-10T19:11:24","modified_gmt":"2015-03-10T19:11:24","slug":"la-ull-promueve-el-uso-de-la-bicicleta-con-un-recorrido-de-10-kilometros-por-la-laguna-el-proximo-sabado","status":"publish","type":"post","link":"https:\/\/fg.ull.es\/hemeroteca\/2015\/03\/10\/la-ull-promueve-el-uso-de-la-bicicleta-con-un-recorrido-de-10-kilometros-por-la-laguna-el-proximo-sabado\/","title":{"rendered":"La ULL promueve el uso de la bicicleta con un recorrido de 10 kil\u00f3metros por La Laguna el pr\u00f3ximo s\u00e1bado"},"content":{"rendered":"<p>La Universidad de La Laguna celebrar&aacute; el pr&oacute;ximo s&aacute;bado 14 de marzo a partir de las 9 horas en el Edificio Central la segunda edici&oacute;n de su D&iacute;a de la Bici. Esta iniciativa, apoyada tambi&eacute;n por la Fundaci&oacute;n General universitaria, busca fomentar el uso de la bicicleta entre la comunidad universitaria como alternativa de transporte sostenible que, adem&aacute;s, favorece la salud. A lo largo de la ma&ntilde;ana se desarrollar&aacute;n numerosas actividades, de las cuales la principal ser&aacute; un recorrido cicloturista de 10 kil&oacute;metros por La Laguna.<\/p>\n<p><\/p>\n<div>La actividad est&aacute; promovida desde la ULL pero est&aacute; abierta a todas las personas interesadas en ella, aunque no pertenezcan a la instituci&oacute;n acad&eacute;mica. Para participar hay que inscribirse a trav&eacute;s de la p&aacute;gina web http:\/\/eventos.ull.es\/go\/biciull\/ pagando una cuota de, &uacute;nicamente, un euro, que dar&aacute; derecho a participar en todas las actividades que se describen en esa web (clases de estiramiento, spinning, sorteos, promociones) y a llevarse una camiseta conmemorativa de este encuentro.<\/div>\n<p>El D&iacute;a de la Bici ULL fue presentado hoy, martes 10 de marzo, en una rueda de prensa celebrada en el Rectorado que cont&oacute; con la presencia del rector de la instituci&oacute;n acad&eacute;mica, Eduardo Dom&eacute;nech; el director general de Deportes del Gobierno de Canarias, Ram&oacute;n Miranda; el concejal de Seguridad Ciudadana y Movilidad del Ayuntamiento de La Laguna, Jos&eacute; Alberto D&iacute;az; el jefe de Servicio de Epidemiolog&iacute;a de la Direcci&oacute;n General de Salud P&uacute;blica del Gobierno de Canarias, Domingo N&uacute;&ntilde;ez; y el presidente de la Federaci&oacute;n Tinerfe&ntilde;a de Ciclismo, Juan Marrero.<\/p>\n<p>El rector present&oacute; los pormenores de la actividad y se&ntilde;al&oacute; la fuerte apuesta institucional que se est&aacute; desarrollando, en colaboraci&oacute;n con el Ayuntamiento de La Laguna, para implantar en el centro acad&eacute;mico el uso de la bicicleta. Para ello, ha sido fundamental la creaci&oacute;n de aparcamientos espec&iacute;ficos para estos veh&iacute;culos en todos los edificios de los campus, una tarea ya muy avanzada.&nbsp;<\/p>\n<p>El objetivo final ser&iacute;a conectar no s&oacute;lo los campus entre s&iacute;, sino &eacute;stos con el resto de la ciudad. Para Dom&eacute;nech, apostar por la bicicleta es hacerlo por un medio que contribuye a la descongesti&oacute;n del tr&aacute;fico, favorece una actividad universitaria m&aacute;s sostenible y constituye un ejercicio saludable.<\/p>\n<p>Para el concejal de Seguridad y Movilidad, esta actividad era una iniciativa que refrenda la coordinaci&oacute;n existente entre el gobierno de la ciudad y la universidad, instituci&oacute;n de la que destac&oacute; su af&aacute;n por `trascender el &aacute;mbito de su inter&eacute;s acad&eacute;mico para atender las necesidades de la sociedad&acute;.&nbsp;<\/p>\n<p>El edil inform&oacute; de que el Plan de Ordenaci&oacute;n Urbana en el que se est&aacute; trabajando actualmente desde el ayuntamiento incorpora un plan de movilidad que contempla un apartado espec&iacute;fico sobre el uso de bicicleta. Si bien a&uacute;n est&aacute; en fase inicial, la aspiraci&oacute;n es crear un circuito de carriles bici que recorran no s&oacute;lo el caso urbano, sino el municipio en su totalidad, en los que se priorice la seguridad del recorrido.<\/p>\n<p>El director general de Deportes tambi&eacute;n resalt&oacute; el compromiso de la universidad con al movilidad sostenible, e invit&oacute; a que esta iniciativa se extendiera a toda la ciudad. Calific&oacute; la iniciativa como un nuevo modelo de pol&iacute;ticas de mentalizaci&oacute;n dirigidas a la sociedad, que surgen de la coordinaci&oacute;n entre instituciones. Tambi&eacute;n aprovech&oacute; la ocasi&oacute;n para avanzar la pr&oacute;xima firma de un convenio entre su organismo y las universidades canarias sobre el fomento del deporte en las instituciones acad&eacute;micas.<\/p>\n<p>El presidente de la Federaci&oacute;n Tinerfe&ntilde;a de Ciclismo tambi&eacute;n abog&oacute; por que esta iniciativa no se circunscriba &uacute;nicamente al &aacute;mbito universitario sino a todo el Archipi&eacute;lago. Critic&oacute; que, pese a estas actividades, a&uacute;n hay muchos edificios p&uacute;blicos que no han habilitado un aparcamiento para bicicletas. Remarc&oacute; la idea de que el uso de este veh&iacute;culo no solamente es saludable, sino que supone un ahorro, ya que Espa&ntilde;a es un pa&iacute;s que no produce petr&oacute;leo.<\/p>\n<p>Finalmente, el jefe de Servicio de Epidemiolog&iacute;a de la Direcci&oacute;n General de Salud P&uacute;blica quiso destacar la importancia de iniciativas como esta para implantar en la poblaci&oacute;n la cultura del ejercicio, ya que esta es vital para lograr una vida m&aacute;s sana y mitigar los factores de riesgo que pueden desembocar en enfermedades cardiovasculares, la diabetes o la obesidad.<\/p>\n<p>La inscripci&oacute;n del D&iacute;a de la Bici en la Universidad de La Laguna a&uacute;n sigue abierta en&nbsp;<a href='http:\/\/www.eventos.ull.es\/go\/biciull' target='_blank' rel=\"noopener noreferrer\">www.eventos.ull.es\/go\/biciull<\/a>&nbsp;hasta el 13 de marzo a &uacute;ltima hora. A d&iacute;a de hoy, hay cerca de 150 personas que ya han formalizado su matr&iacute;cula.<\/p>\n<p>*Nota cedida por el Gabinete de Comunicaci&oacute;n de la ULL<\/p>\n","protected":false},"excerpt":{"rendered":"<p>La Universidad de La Laguna celebrar&aacute; el pr&oacute;ximo s&aacute;bado 14 de marzo a partir de las 9 horas en el Edificio Central la segunda edici&oacute;n de su D&iacute;a de la Bici. Esta iniciativa, apoyada tambi&eacute;n por la Fundaci&oacute;n General universitaria, busca fomentar el uso de la bicicleta entre la comunidad universitaria como alternativa de transporte sostenible que, adem&aacute;s, favorece la salud. A lo largo de la ma&ntilde;ana se desarrollar&aacute;n numerosas actividades, de las cuales la principal ser&aacute; un recorrido cicloturista de 10 kil&oacute;metros por La Laguna.<\/p>\n","protected":false},"author":36,"featured_media":16208,"comment_status":"closed","ping_status":"open","sticky":false,"template":"","format":"standard","meta":{"footnotes":""},"categories":[6],"tags":[173],"featured_image_thumbnail_url":"https:\/\/fg.ull.es\/hemeroteca\/wp-content\/uploads\/sites\/14\/2015\/04\/2781_ub_dia_de_la_bici-300x212.jpg","_links":{"self":[{"href":"https:\/\/fg.ull.es\/hemeroteca\/wp-json\/wp\/v2\/posts\/16209"}],"collection":[{"href":"https:\/\/fg.ull.es\/hemeroteca\/wp-json\/wp\/v2\/posts"}],"about":[{"href":"https:\/\/fg.ull.es\/hemeroteca\/wp-json\/wp\/v2\/types\/post"}],"author":[{"embeddable":true,"href":"https:\/\/fg.ull.es\/hemeroteca\/wp-json\/wp\/v2\/users\/36"}],"replies":[{"embeddable":true,"href":"https:\/\/fg.ull.es\/hemeroteca\/wp-json\/wp\/v2\/comments?post=16209"}],"version-history":[{"count":0,"href":"https:\/\/fg.ull.es\/hemeroteca\/wp-json\/wp\/v2\/posts\/16209\/revisions"}],"wp:featuredmedia":[{"embeddable":true,"href":"https:\/\/fg.ull.es\/hemeroteca\/wp-json\/wp\/v2\/media\/16208"}],"wp:attachment":[{"href":"https:\/\/fg.ull.es\/hemeroteca\/wp-json\/wp\/v2\/media?parent=16209"}],"wp:term":[{"taxonomy":"category","embeddable":true,"href":"https:\/\/fg.ull.es\/hemeroteca\/wp-json\/wp\/v2\/categories?post=16209"},{"taxonomy":"post_tag","embeddable":true,"href":"https:\/\/fg.ull.es\/hemeroteca\/wp-json\/wp\/v2\/tags?post=16209"}],"curies":[{"name":"wp","href":"https:\/\/api.w.org\/{rel}","templated":true}]}}