{"id":16204,"date":"2015-03-10T15:13:41","date_gmt":"2015-03-10T15:13:41","guid":{"rendered":"http:\/\/www.fg.ull.es\/?p=16204"},"modified":"2015-03-10T15:13:41","modified_gmt":"2015-03-10T15:13:41","slug":"tenerife-tendra-un-nuevo-centro-destacado-en-instrumentacion-cientifica-avanzada-denominado-iacteach","status":"publish","type":"post","link":"https:\/\/fg.ull.es\/hemeroteca\/2015\/03\/10\/tenerife-tendra-un-nuevo-centro-destacado-en-instrumentacion-cientifica-avanzada-denominado-iacteach\/","title":{"rendered":"Tenerife tendr\u00e1 un nuevo centro destacado en instrumentaci\u00f3n cient\u00edfica avanzada denominado &#039;IACTeach&#039;"},"content":{"rendered":"<p>Tendr&aacute; un presupuesto de 4,6 millones de euros financiados por la Corporaci&oacute;n insular y el Fondo Europeo de Desarrollo Regional (FEDER).<\/p>\n<p><\/p>\n<p>El edificio albergar&aacute; un nuevo centro vinculado al Instituto de Astrof&iacute;sica de Canarias (IAC) orientado a la astrof&iacute;sica, el espacio y la instrumentaci&oacute;n cient&iacute;fica para sectores afines como el medio ambiente o la seguridad.<\/p>\n<p>El presidente del Cabildo, Carlos Alonso, ha destacado que el objetivo ahora es &#8216;potenciar la capacidad del IAC para la transferencia tecnol&oacute;gica&#8217;. En este sentido, Alonso ha indicado que el Cabildo &#8216;quiere apoyar con recursos el desarrollo profesional de investigadores y tecn&oacute;logos para que puedan desempe&ntilde;ar su labor investigadora con un horizonte de estabilidad&#8217;.<\/p>\n<p>Por su parte, el alcalde de La Laguna, Fernando Clavijo, ha agradecido la implicaci&oacute;n de todas las instituciones que han hecho posible este proyecto, especialmente &#8216;al presidente del Cabildo, que ha apostado siempre porque este polo cient&iacute;fico y tecnol&oacute;gico se ubique en el municipio&#8217;.<\/p>\n<p>Por su parte, el director del Instituto de Astrof&iacute;sica de Canarias, Rafael Rebolo, ha explicado que en el IACTech &nbsp;&#8216;se desarrollar&aacute;n &nbsp;nuevos programas de investigaci&oacute;n,&nbsp; principalmente en el &aacute;mbito de las tecnolog&iacute;as de captaci&oacute;n y procesado de la luz y de las ondas electromagn&eacute;ticas en general. Es una apuesta por la colaboraci&oacute;n entre el sector p&uacute;blico y el privado para impulsar la transferencia de&nbsp; tecnolog&iacute;as avanzadas&#8217;.<\/p>\n<p>Este nuevo espacio permitir&aacute; la cooperaci&oacute;n tecnol&oacute;gica y empresarial para aprovechar as&iacute; el conocimiento acumulado por el IAC en el desarrollo de instrumentaci&oacute;n cient&iacute;fica avanzada a la vez que contribuir al desarrollo industrial y la comercializaci&oacute;n de productos de alto valor a&ntilde;adido en Canarias.<\/p>\n<p><strong>Parque Cient&iacute;fico y Tecnol&oacute;gico<\/strong><\/p>\n<p>El enclave del PCTT en la zona denominada Hogar Gomero albergar&aacute; empresas que vinculen su proyecto cient&iacute;fico y tecnol&oacute;gico a la labor de investigaci&oacute;n de la Universidad de La Laguna. Este polo incluir&aacute; diversas infraestructuras nuevas que servir&aacute;n de sede para la ejecuci&oacute;n de proyectos de investigaci&oacute;n, desarrollo tecnol&oacute;gico e innovaci&oacute;n vinculados especialmente a la nanociencia, la sostenibilidad y la astrof&iacute;sica.<\/p>\n<p>Adem&aacute;s de la construcci&oacute;n del IACTech, el proyecto impulsado por el Cabildo en esta zona incluye la urbanizaci&oacute;n de toda la parcela y del parque urbano colindante, que cuenta con un presupuesto de 5,6 millones de euros, y la construcci&oacute;n de un segundo edificio denominado Nanotec.<\/p>\n<p>Esta nueva edificaci&oacute;n, que tiene un coste de 5,2 millones, estar&aacute; conformada por tres m&oacute;dulos. Uno de ellos (Nanomac) se destinar&aacute; a las actividades de I &#043;D&#043; i relacionadas con la nanotecnolog&iacute;a, materiales avanzados, energ&iacute;a y agua. El segundo, denominado Sostiene, se orientar&aacute; al eje de la sostenibilidad, el medioambiente y el cambio clim&aacute;tico. Entre ambos se dispondr&aacute; un tercer m&oacute;dulo de espacios comunes para fomentar sinergias.<\/p>\n<p>El parque urbano anexo contar&aacute; con una superficie cercana a los 30.000 metros cuadrados en los que se incluye una plaza, canchas deportivas y m&oacute;dulos biosaludables, entre otros servicios y prestaciones.<\/p>\n<p>Adem&aacute;s, el Parque Cient&iacute;fico y Tecnol&oacute;gico de Tenerife cuenta con otro enclave en Santa Cruz, concretamente en la zona de Cuevas Blancas, donde&nbsp; pr&oacute;ximamente se construir&aacute; la sede del PCTT y que actualmente tambi&eacute;n est&aacute; en fase de licitaci&oacute;n.<\/p>\n<p>Todas estas actuaciones, que en global supondr&aacute;n una inversi&oacute;n de 23,2 millones de euros, cuentan con la financiaci&oacute;n del Gobierno de Canarias, a trav&eacute;s de la Agencia Canaria de Investigaci&oacute;n, Innovaci&oacute;n y Sociedad de la Informaci&oacute;n (ACIISI) (prefinanciado mediante pr&eacute;stamo del Ministerio de Ciencia e Innovaci&oacute;n) y est&aacute;n cofinanciadas en un 85% por el Fondo Europeo de Desarrollo Regional (FEDER) en el marco del Programa Operativo Canarias 2007-2013, Eje 1 Tema Prioritario 2.<\/p>\n<p>*Nota cedida por el diario de Tenerife<\/p>\n","protected":false},"excerpt":{"rendered":"<p>Tendr&aacute; un presupuesto de 4,6 millones de euros financiados por la Corporaci&oacute;n insular y el Fondo Europeo de Desarrollo Regional (FEDER).<\/p>\n","protected":false},"author":36,"featured_media":16203,"comment_status":"closed","ping_status":"open","sticky":false,"template":"","format":"standard","meta":{"footnotes":""},"categories":[8],"tags":[173],"featured_image_thumbnail_url":"https:\/\/fg.ull.es\/hemeroteca\/wp-content\/uploads\/sites\/14\/2015\/04\/2780_kw_150309_rp_iactech_lalaguna_tc10-300x200.jpg","_links":{"self":[{"href":"https:\/\/fg.ull.es\/hemeroteca\/wp-json\/wp\/v2\/posts\/16204"}],"collection":[{"href":"https:\/\/fg.ull.es\/hemeroteca\/wp-json\/wp\/v2\/posts"}],"about":[{"href":"https:\/\/fg.ull.es\/hemeroteca\/wp-json\/wp\/v2\/types\/post"}],"author":[{"embeddable":true,"href":"https:\/\/fg.ull.es\/hemeroteca\/wp-json\/wp\/v2\/users\/36"}],"replies":[{"embeddable":true,"href":"https:\/\/fg.ull.es\/hemeroteca\/wp-json\/wp\/v2\/comments?post=16204"}],"version-history":[{"count":0,"href":"https:\/\/fg.ull.es\/hemeroteca\/wp-json\/wp\/v2\/posts\/16204\/revisions"}],"wp:featuredmedia":[{"embeddable":true,"href":"https:\/\/fg.ull.es\/hemeroteca\/wp-json\/wp\/v2\/media\/16203"}],"wp:attachment":[{"href":"https:\/\/fg.ull.es\/hemeroteca\/wp-json\/wp\/v2\/media?parent=16204"}],"wp:term":[{"taxonomy":"category","embeddable":true,"href":"https:\/\/fg.ull.es\/hemeroteca\/wp-json\/wp\/v2\/categories?post=16204"},{"taxonomy":"post_tag","embeddable":true,"href":"https:\/\/fg.ull.es\/hemeroteca\/wp-json\/wp\/v2\/tags?post=16204"}],"curies":[{"name":"wp","href":"https:\/\/api.w.org\/{rel}","templated":true}]}}