{"id":16198,"date":"2015-03-10T12:59:53","date_gmt":"2015-03-10T12:59:53","guid":{"rendered":"http:\/\/www.fg.ull.es\/?p=16198"},"modified":"2015-03-10T12:59:53","modified_gmt":"2015-03-10T12:59:53","slug":"segundo-listado-provisional-de-la-convocatoria-para-la-seleccion-de-una-beca-de-investigacion-con-cargo-al-proyecto-intervencion-comunitaria-intercultural-taco-ici-taco","status":"publish","type":"post","link":"https:\/\/fg.ull.es\/hemeroteca\/2015\/03\/10\/segundo-listado-provisional-de-la-convocatoria-para-la-seleccion-de-una-beca-de-investigacion-con-cargo-al-proyecto-intervencion-comunitaria-intercultural-taco-ici-taco\/","title":{"rendered":"Segundo listado provisional de la convocatoria para la selecci\u00f3n de una beca de investigaci\u00f3n con cargo al proyecto &#039;Intervenci\u00f3n Comunitaria Intercultural Taco (ICI-TACO)&#039;"},"content":{"rendered":"<p>Finalizada la segunda fase del proceso selectivo se procede a publicar el segundo listado provisional de aceptados\/as en el proceso de selecci&oacute;n de un\/a becario\/a para cubrir una plaza de beca formativa de investigaci&oacute;n con cargo al proyecto &#8216;Intervenci&oacute;n Comunitaria Intercultural Taco (ICI-TACO)&#8217;<\/p>\n<p><\/p>\n<p style='text-align: left'>A partir de este momento comienza el periodo de eventuales alegaciones que finalizar&aacute; el pr&oacute;ximo d&iacute;a 13 de marzo de 2015. Finalizado &eacute;ste y resueltas las alegaciones, se proceder&aacute; a publicar el segundo listado definitivo con la confecci&oacute;n de la bolsa.<\/p>\n<p style='text-align: left'>Las alegaciones &uacute;nica y exclusivamente se podr&aacute;n presentar telem&aacute;ticamente al correo electr&oacute;nico&nbsp;<a href='mailto:seleccion@fg.ull.es'>seleccion@fg.ull.es<\/a>&nbsp;y utilizando el siguiente documento normalizado:&nbsp;<a title='alegaciones' href='..\/..\/public\/docs\/1708_vo_alegaciones.docx' target='_blank' rel=\"noopener noreferrer\">documento de alegaciones<\/a>.<\/p>\n<p style='text-align: left'>Para la valoraci&oacute;n de todas y cada una de las candidaturas, y de los futuros procesos, se ha tomado como fundamento lo especificado en:<\/p>\n<ul style='text-align: left'>\n<li><a title='Bases Generales' href='..\/..\/public\/docs\/1721_ec_bases_generales_becas_formativas_de_investigacion.pdf' target='_blank' rel=\"noopener noreferrer\">Bases Generales<\/a><\/li>\n<li><a title='Perfil Singular' href='..\/..\/public\/docs\/1725_4r_bases_perfil_singular.pdf' target='_blank' rel=\"noopener noreferrer\">Perfil Singular<\/a><\/li>\n<\/ul>\n<p style='text-align: left'>Puede ver el segundo listado provisional <a title='2&ordm; List Prov' href='..\/..\/public\/docs\/1783_vg_20150310_2_listado_provisional.pdf' target='_blank' rel=\"noopener noreferrer\">aqu&iacute;<\/a>.&nbsp;<\/p>\n<ul>\n<\/ul>\n","protected":false},"excerpt":{"rendered":"<p>Finalizada la segunda fase del proceso selectivo se procede a publicar el segundo listado provisional de aceptados\/as en el proceso de selecci&oacute;n de un\/a becario\/a para cubrir una plaza de beca formativa de investigaci&oacute;n con cargo al proyecto &#8216;Intervenci&oacute;n Comunitaria Intercultural Taco (ICI-TACO)&#8217;<\/p>\n","protected":false},"author":36,"featured_media":0,"comment_status":"closed","ping_status":"open","sticky":false,"template":"","format":"standard","meta":{"footnotes":""},"categories":[8],"tags":[173,230,862],"featured_image_thumbnail_url":null,"_links":{"self":[{"href":"https:\/\/fg.ull.es\/hemeroteca\/wp-json\/wp\/v2\/posts\/16198"}],"collection":[{"href":"https:\/\/fg.ull.es\/hemeroteca\/wp-json\/wp\/v2\/posts"}],"about":[{"href":"https:\/\/fg.ull.es\/hemeroteca\/wp-json\/wp\/v2\/types\/post"}],"author":[{"embeddable":true,"href":"https:\/\/fg.ull.es\/hemeroteca\/wp-json\/wp\/v2\/users\/36"}],"replies":[{"embeddable":true,"href":"https:\/\/fg.ull.es\/hemeroteca\/wp-json\/wp\/v2\/comments?post=16198"}],"version-history":[{"count":0,"href":"https:\/\/fg.ull.es\/hemeroteca\/wp-json\/wp\/v2\/posts\/16198\/revisions"}],"wp:attachment":[{"href":"https:\/\/fg.ull.es\/hemeroteca\/wp-json\/wp\/v2\/media?parent=16198"}],"wp:term":[{"taxonomy":"category","embeddable":true,"href":"https:\/\/fg.ull.es\/hemeroteca\/wp-json\/wp\/v2\/categories?post=16198"},{"taxonomy":"post_tag","embeddable":true,"href":"https:\/\/fg.ull.es\/hemeroteca\/wp-json\/wp\/v2\/tags?post=16198"}],"curies":[{"name":"wp","href":"https:\/\/api.w.org\/{rel}","templated":true}]}}