{"id":16158,"date":"2015-03-09T11:40:16","date_gmt":"2015-03-09T11:40:16","guid":{"rendered":"http:\/\/www.fg.ull.es\/?p=16158"},"modified":"2015-03-09T11:40:16","modified_gmt":"2015-03-09T11:40:16","slug":"segundo-listado-provisional-de-la-convocatoria-para-la-seleccion-de-personal-con-cargo-al-proyecto-nuevos-materiales-con-aplicacion-en-quimica-analitica","status":"publish","type":"post","link":"https:\/\/fg.ull.es\/hemeroteca\/2015\/03\/09\/segundo-listado-provisional-de-la-convocatoria-para-la-seleccion-de-personal-con-cargo-al-proyecto-nuevos-materiales-con-aplicacion-en-quimica-analitica\/","title":{"rendered":"Segundo listado provisional de la convocatoria para la selecci\u00f3n de personal con cargo al proyecto &#039;Nuevos materiales con aplicaci\u00f3n en Qu\u00edmica Anal\u00edtica&#039;"},"content":{"rendered":"<p style='text-align: left'>Finalizada la segunda fase del proceso selectivo se procede a publicar el segundo listado provisional de aceptados\/as en la selecci&oacute;n de personal para cubrir la plaza de investigador\/a junior con cargo al proyecto &#8216;Nuevos materiales con aplicaciones en Qu&iacute;mica Anal&iacute;tica&#8217;.<\/p>\n<p><\/p>\n<p style='text-align: left'>A partir del 10 de marzo de 2015, comienza el periodo de eventuales alegaciones que finalizar&aacute; a las 23.59 horas del 12 de marzo de 2015. Finalizado &eacute;ste y resueltas las alegaciones, se proceder&aacute; a publicar el segundo listado definitivo con la confecci&oacute;n de la bolsa.<\/p>\n<p style='text-align: left'>Las alegaciones &uacute;nica y exclusivamente se podr&aacute;n presentar telem&aacute;ticamente al correo electr&oacute;nico seleccion@fg.ull.es y utilizando el siguiente documento normalizado: <a title='Alegaciones' href='..\/..\/public\/docs\/980_yv_anexo_r.docx' target='_blank' rel=\"noopener noreferrer\">documento de alegaciones.<\/a><\/p>\n<p style='text-align: left'>Para la valoraci&oacute;n de todas y cada una de las candidaturas, y de los futuros procesos, se ha tomado como fundamento lo especificado en:<\/p>\n<ul style='text-align: left'>\n<li><a title='Bases Generales' href='..\/..\/public\/docs\/1720_5k_bases_convocatoria_de_seleccion_de_personal.pdf' target='_blank' rel=\"noopener noreferrer\">Bases Generales<\/a><\/li>\n<li><a title='Perfil Singular' href='..\/..\/public\/docs\/1719_dk_20150219_perfil_singular.pdf' target='_blank' rel=\"noopener noreferrer\">Perfil Singular<\/a><\/li>\n<\/ul>\n<p style='text-align: left'>Puede ver el listado <a title='2&ordm; List Prov' href='..\/..\/public\/docs\/1769_bm_20150309_2_listado_provisional.pdf' target='_blank' rel=\"noopener noreferrer\">aqu&iacute;<\/a><\/p>\n","protected":false},"excerpt":{"rendered":"<p style='text-align: left'>Finalizada la segunda fase del proceso selectivo se procede a publicar el segundo listado provisional de aceptados\/as en la selecci&oacute;n de personal para cubrir la plaza de investigador\/a junior con cargo al proyecto &#8216;Nuevos materiales con aplicaciones en Qu&iacute;mica Anal&iacute;tica&#8217;.<\/p>\n","protected":false},"author":36,"featured_media":0,"comment_status":"closed","ping_status":"open","sticky":false,"template":"","format":"standard","meta":{"footnotes":""},"categories":[8],"tags":[173],"featured_image_thumbnail_url":null,"_links":{"self":[{"href":"https:\/\/fg.ull.es\/hemeroteca\/wp-json\/wp\/v2\/posts\/16158"}],"collection":[{"href":"https:\/\/fg.ull.es\/hemeroteca\/wp-json\/wp\/v2\/posts"}],"about":[{"href":"https:\/\/fg.ull.es\/hemeroteca\/wp-json\/wp\/v2\/types\/post"}],"author":[{"embeddable":true,"href":"https:\/\/fg.ull.es\/hemeroteca\/wp-json\/wp\/v2\/users\/36"}],"replies":[{"embeddable":true,"href":"https:\/\/fg.ull.es\/hemeroteca\/wp-json\/wp\/v2\/comments?post=16158"}],"version-history":[{"count":0,"href":"https:\/\/fg.ull.es\/hemeroteca\/wp-json\/wp\/v2\/posts\/16158\/revisions"}],"wp:attachment":[{"href":"https:\/\/fg.ull.es\/hemeroteca\/wp-json\/wp\/v2\/media?parent=16158"}],"wp:term":[{"taxonomy":"category","embeddable":true,"href":"https:\/\/fg.ull.es\/hemeroteca\/wp-json\/wp\/v2\/categories?post=16158"},{"taxonomy":"post_tag","embeddable":true,"href":"https:\/\/fg.ull.es\/hemeroteca\/wp-json\/wp\/v2\/tags?post=16158"}],"curies":[{"name":"wp","href":"https:\/\/api.w.org\/{rel}","templated":true}]}}