{"id":16148,"date":"2015-03-06T13:50:03","date_gmt":"2015-03-06T13:50:03","guid":{"rendered":"http:\/\/www.fg.ull.es\/?p=16148"},"modified":"2015-03-06T13:50:03","modified_gmt":"2015-03-06T13:50:03","slug":"el-curso-hazlo-tu-mism-profundizara-en-el-hipervideo-como-recurso-de-innovacion-creacion-y-comunicacion","status":"publish","type":"post","link":"https:\/\/fg.ull.es\/hemeroteca\/2015\/03\/06\/el-curso-hazlo-tu-mism-profundizara-en-el-hipervideo-como-recurso-de-innovacion-creacion-y-comunicacion\/","title":{"rendered":"El curso &#039;Hazlo t\u00fa mism@&#039; profundizar\u00e1 en el hiperv\u00eddeo como recurso de innovaci\u00f3n, creaci\u00f3n y comunicaci\u00f3n"},"content":{"rendered":"<p>Esta actividad formativa se impartir&aacute; del 23 de marzo al 30 de abril en modalidad online. Constar&aacute; de 30 horas y ser&aacute; convalidable por 3 ECTS. La inscripci&oacute;n est&aacute; abierta hasta el 22 de marzo.<\/p>\n<p><\/p>\n<p>El curso &lsquo;Hazlo t&uacute; mism@&rsquo;, que constar&aacute; de treinta horas y se desarrollar&aacute; en modalidad online, tendr&aacute; lugar del 23 de marzo al 30 de abril. Esta actividad formativa ser&aacute; convalidable por tres ECTS y profundizar&aacute; en el hiperv&iacute;deo como recurso de innovaci&oacute;n, creaci&oacute;n y comunicaci&oacute;n.<\/p>\n<p>La formaci&oacute;n estar&aacute; impartida por Paloma L&oacute;pez-Reillo, profesora del Departamento de Did&aacute;ctica e Investigaci&oacute;n Educativa de la ULL, y por Eduardo Negr&iacute;n Torres, licenciado en Comunicaci&oacute;n Audiovisual y doctorando de la ULL. Asimismo, el curso se encuentra enmarcado dentro de la iniciativa Inter-Lab, un espacio de creaci&oacute;n, investigaci&oacute;n y comunicaci&oacute;n de ideas de la Universidad de La Laguna.<\/p>\n<p>Los objetivos que se pretenden conseguir con este curso son: reconocer conceptos relacionados con el saber hacer en el campo de la creaci&oacute;n y la comunicaci&oacute;n audiovisual hipermedia y transmedia, as&iacute; como comprender la importancia de asumir un rol activo como emisor\/receptor de conocimientos en el contexto de la sociedad l&iacute;quida actual. Adem&aacute;s, tambi&eacute;n se crear&aacute;n materiales audiovisuales interactivos de forma aut&oacute;noma y se generar&aacute;n hiperv&iacute;deos con contenidos audiovisuales propios o de otros creadores, con la intenci&oacute;n de aportar conocimiento sobre un tema de inter&eacute;s particular o corporativo.<\/p>\n<p>Se trata de una actividad formativa eminentemente pr&aacute;ctica. De esta manera, el alumnado generar&aacute; materiales audiovisuales interactivos &uacute;tiles para el proceso de formaci&oacute;n, creaci&oacute;n y comunicaci&oacute;n. Por ello, desde el principio se explica la relevancia actual que tienen estos formatos hipermedia y, en consecuencia, se orientar&aacute; la acci&oacute;n a la elaboraci&oacute;n de un gui&oacute;n concreto para llevar a la pr&aacute;ctica el dise&ntilde;o y desarrollo de recursos audiovisuales propios y la obtenci&oacute;n de hiperv&iacute;deos espec&iacute;ficos adecuados a los fines de cada persona u organizaci&oacute;n.<\/p>\n<p>La inscripci&oacute;n se podr&aacute; realizar hasta el 22 de marzo a trav&eacute;s de la sede electr&oacute;nica de la Fundaci&oacute;n general de la ULL. El curso tiene un precio de 75 euros para el p&uacute;blico en general y de 60 euros para alumnado ULL y demandantes de empleo.<\/p>\n<p><a href='https:\/\/sede.fg.ull.es\/es\/curso\/detalle\/a15030007\/hazlo-tu-mism-el-hipervideo-como-recurso-de-innovacion-creacion-y-comunicacion'>(Inscripci&oacute;n aqu&iacute;)<\/a><\/p>\n<p><a href='https:\/\/www.youtube.com\/watch?v=JK0sXhMQA4s'>(M&aacute;s informaci&oacute;n aqu&iacute;)<\/a><\/p>\n","protected":false},"excerpt":{"rendered":"<p>Esta actividad formativa se impartir&aacute; del 23 de marzo al 30 de abril en modalidad online. Constar&aacute; de 30 horas y ser&aacute; convalidable por 3 ECTS. La inscripci&oacute;n est&aacute; abierta hasta el 22 de marzo.<\/p>\n","protected":false},"author":36,"featured_media":16147,"comment_status":"closed","ping_status":"open","sticky":false,"template":"","format":"standard","meta":{"footnotes":""},"categories":[5],"tags":[173,421,672,1192,1353,1424],"featured_image_thumbnail_url":"https:\/\/fg.ull.es\/hemeroteca\/wp-content\/uploads\/sites\/14\/2015\/04\/2764_rl_hazlotumismo_final_web-212x300.jpg","_links":{"self":[{"href":"https:\/\/fg.ull.es\/hemeroteca\/wp-json\/wp\/v2\/posts\/16148"}],"collection":[{"href":"https:\/\/fg.ull.es\/hemeroteca\/wp-json\/wp\/v2\/posts"}],"about":[{"href":"https:\/\/fg.ull.es\/hemeroteca\/wp-json\/wp\/v2\/types\/post"}],"author":[{"embeddable":true,"href":"https:\/\/fg.ull.es\/hemeroteca\/wp-json\/wp\/v2\/users\/36"}],"replies":[{"embeddable":true,"href":"https:\/\/fg.ull.es\/hemeroteca\/wp-json\/wp\/v2\/comments?post=16148"}],"version-history":[{"count":0,"href":"https:\/\/fg.ull.es\/hemeroteca\/wp-json\/wp\/v2\/posts\/16148\/revisions"}],"wp:featuredmedia":[{"embeddable":true,"href":"https:\/\/fg.ull.es\/hemeroteca\/wp-json\/wp\/v2\/media\/16147"}],"wp:attachment":[{"href":"https:\/\/fg.ull.es\/hemeroteca\/wp-json\/wp\/v2\/media?parent=16148"}],"wp:term":[{"taxonomy":"category","embeddable":true,"href":"https:\/\/fg.ull.es\/hemeroteca\/wp-json\/wp\/v2\/categories?post=16148"},{"taxonomy":"post_tag","embeddable":true,"href":"https:\/\/fg.ull.es\/hemeroteca\/wp-json\/wp\/v2\/tags?post=16148"}],"curies":[{"name":"wp","href":"https:\/\/api.w.org\/{rel}","templated":true}]}}