{"id":16143,"date":"2015-03-06T12:36:20","date_gmt":"2015-03-06T12:36:20","guid":{"rendered":"http:\/\/www.fg.ull.es\/?p=16143"},"modified":"2015-03-06T12:36:20","modified_gmt":"2015-03-06T12:36:20","slug":"primer-listado-definitivo-de-la-convocatoria-para-la-seleccion-de-una-beca-de-investigacion-con-cargo-al-proyecto-catedra-ciudadania-y-participacion-social","status":"publish","type":"post","link":"https:\/\/fg.ull.es\/hemeroteca\/2015\/03\/06\/primer-listado-definitivo-de-la-convocatoria-para-la-seleccion-de-una-beca-de-investigacion-con-cargo-al-proyecto-catedra-ciudadania-y-participacion-social\/","title":{"rendered":"Primer listado definitivo de la convocatoria para la selecci\u00f3n de una beca de investigaci\u00f3n con cargo al proyecto &#039;C\u00e1tedra Ciudadan\u00eda y Participaci\u00f3n Social&#039;&#039;"},"content":{"rendered":"<p style='text-align: justify'>A continuaci&oacute;n se presenta el listado definitivo de aceptados\/as y excluidos\/as en el proceso de selecci&oacute;n de becarios\/as para cubrir una plaza convocada de la beca de investigaci&oacute;n con cargo al proyecto <em>C&aacute;tedra Social &#8216;Ciudadan&iacute;a y Participaci&oacute;n Social.&nbsp;<\/em><\/p>\n<p><\/p>\n<p style='text-align: justify'>A partir de este momento, comienza la segunda fase del proceso de selecci&oacute;n. Para la valoraci&oacute;n de todas y cada una de las candidaturas se ha tomado como fundamento lo especificado en:<\/p>\n<ul style='text-align: justify'>\n<li><a title='Bases Generales' href='..\/..\/public\/docs\/1721_ec_bases_generales_becas_formativas_de_investigacion.pdf' target='_blank' rel=\"noopener noreferrer\">Bases Generales<\/a><\/li>\n<li><a title='Perfil Singular' href='..\/..\/public\/docs\/1722_yw_perfil_singular_catedra_def.pdf' target='_blank' rel=\"noopener noreferrer\">Perfil Singular<\/a><\/li>\n<\/ul>\n<p style='text-align: justify'>Puede ver el primer listado definitivo <a title='Listado Def' href='..\/..\/public\/docs\/1762_qt_1_listado_definitivo.pdf' target='_blank' rel=\"noopener noreferrer\">aqu&iacute;<\/a>.&nbsp;<\/p>\n","protected":false},"excerpt":{"rendered":"<p style='text-align: justify'>A continuaci&oacute;n se presenta el listado definitivo de aceptados\/as y excluidos\/as en el proceso de selecci&oacute;n de becarios\/as para cubrir una plaza convocada de la beca de investigaci&oacute;n con cargo al proyecto <em>C&aacute;tedra Social &#8216;Ciudadan&iacute;a y Participaci&oacute;n Social.&nbsp;<\/em><\/p>\n","protected":false},"author":36,"featured_media":0,"comment_status":"closed","ping_status":"open","sticky":false,"template":"","format":"standard","meta":{"footnotes":""},"categories":[8],"tags":[173,862,1066],"featured_image_thumbnail_url":null,"_links":{"self":[{"href":"https:\/\/fg.ull.es\/hemeroteca\/wp-json\/wp\/v2\/posts\/16143"}],"collection":[{"href":"https:\/\/fg.ull.es\/hemeroteca\/wp-json\/wp\/v2\/posts"}],"about":[{"href":"https:\/\/fg.ull.es\/hemeroteca\/wp-json\/wp\/v2\/types\/post"}],"author":[{"embeddable":true,"href":"https:\/\/fg.ull.es\/hemeroteca\/wp-json\/wp\/v2\/users\/36"}],"replies":[{"embeddable":true,"href":"https:\/\/fg.ull.es\/hemeroteca\/wp-json\/wp\/v2\/comments?post=16143"}],"version-history":[{"count":0,"href":"https:\/\/fg.ull.es\/hemeroteca\/wp-json\/wp\/v2\/posts\/16143\/revisions"}],"wp:attachment":[{"href":"https:\/\/fg.ull.es\/hemeroteca\/wp-json\/wp\/v2\/media?parent=16143"}],"wp:term":[{"taxonomy":"category","embeddable":true,"href":"https:\/\/fg.ull.es\/hemeroteca\/wp-json\/wp\/v2\/categories?post=16143"},{"taxonomy":"post_tag","embeddable":true,"href":"https:\/\/fg.ull.es\/hemeroteca\/wp-json\/wp\/v2\/tags?post=16143"}],"curies":[{"name":"wp","href":"https:\/\/api.w.org\/{rel}","templated":true}]}}