{"id":16136,"date":"2015-03-06T11:10:11","date_gmt":"2015-03-06T11:10:11","guid":{"rendered":"http:\/\/www.fg.ull.es\/?p=16136"},"modified":"2015-03-06T11:10:11","modified_gmt":"2015-03-06T11:10:11","slug":"la-tercera-sesion-del-taller-gratuito-preparate-para-emprender-en-la-palma-reunio-ayer-a-veinte-potenciales-emprendedores","status":"publish","type":"post","link":"https:\/\/fg.ull.es\/hemeroteca\/2015\/03\/06\/la-tercera-sesion-del-taller-gratuito-preparate-para-emprender-en-la-palma-reunio-ayer-a-veinte-potenciales-emprendedores\/","title":{"rendered":"La tercera sesi\u00f3n del taller gratuito &#039;Prep\u00e1rate para Emprender&#039; en La Palma reuni\u00f3 ayer a veinte potenciales emprendedores"},"content":{"rendered":"<h1>La tercera sesi\u00f3n del taller gratuito &#8216;Prep\u00e1rate para Emprender&#8217; en La Palma reuni\u00f3 ayer a veinte potenciales emprendedores<\/h1>\n<h4>Se celebr\u00f3 ayer, 5 de marzo, de 9 a 15 horas en la Casa Rosada de Santa Cruz de La Palma, dentro del marco de la Escuela de Emprendedores. La sesi\u00f3n estuvo dedicada a la organizaci\u00f3n y la estructura de negocio.<\/h4>\n<p>El equipo t\u00e9cnico de Emprende.LaPalma imparti\u00f3 ayer, 5 de marzo, la tercera sesi\u00f3n del taller gratuito \u2018Prep\u00e1rate para Emprender\u2019 de 9 a 15 horas en la Casa Rosada de la capital palmera. Esta formaci\u00f3n se est\u00e1 desarrollando desde el pasado mes de febrero dentro del marco de la Escuela de Emprendedores de La Palma.<br \/>\nEn esta nueva sesi\u00f3n, en la que se cont\u00f3 con la asistencia de veinte potenciales emprendedores, se desarroll\u00f3 el m\u00f3dulo de organizaci\u00f3n y estructura de negocio. En este m\u00f3dulo ha estado orientado a elaborar el plan de formalizaci\u00f3n del negocio y el plan de organizaci\u00f3n del mismo. Adem\u00e1s, se han trabajo conceptos como la forma jur\u00eddica, el dise\u00f1o de la estructura organizativa y de recursos humanos, el dise\u00f1o de espacios, la normativa base y los procesos b\u00e1sicos de tramitaci\u00f3n.<br \/>\nEl taller \u2018Prep\u00e1rate para Emprender\u2019 es un conjunto de m\u00f3dulos formativos secuenciales e independientes que persigue proporcionar las competencias y herramientas necesarias para que las personas con inquietudes emprendedoras puedan madurar su modelo de negocio y analizar su viabilidad. Para ello, el taller combina sesiones de formaci\u00f3n presencial con tutor\u00edas personalizadas a trav\u00e9s de videoconferencia.<br \/>\nLa pr\u00f3xima sesi\u00f3n tendr\u00e1 lugar la pr\u00f3xima semana, concretamente el jueves 12 de marzo. En ella se impartir\u00e1n los contenidos del m\u00f3dulo cuatro, dedicados al c\u00e1lculo de costes e inversiones.<br \/>\n<a href=\"http:\/\/www.lapalmaemprende.es\/eventos\/preparate-para-emprender-la-idea-de-negocio-y-el-mercado-sesion-46\/\">(M\u00e1s informaci\u00f3n e inscripci\u00f3n aqu\u00ed)<\/a><\/p>\n","protected":false},"excerpt":{"rendered":"<p>Se celebr\u00f3 ayer, 5 de marzo, de 9 a 15 horas en la Casa Rosada de Santa Cruz de La Palma, dentro del marco de la Escuela de Emprendedores. La sesi\u00f3n estuvo dedicada a la organizaci\u00f3n y la estructura de negocio.<\/p>\n","protected":false},"author":36,"featured_media":16135,"comment_status":"closed","ping_status":"open","sticky":false,"template":"","format":"standard","meta":{"footnotes":""},"categories":[3],"tags":[173,533,541,672],"featured_image_thumbnail_url":"https:\/\/fg.ull.es\/hemeroteca\/wp-content\/uploads\/sites\/14\/2015\/04\/2762_uw_20150305_113740-300x226.jpg","_links":{"self":[{"href":"https:\/\/fg.ull.es\/hemeroteca\/wp-json\/wp\/v2\/posts\/16136"}],"collection":[{"href":"https:\/\/fg.ull.es\/hemeroteca\/wp-json\/wp\/v2\/posts"}],"about":[{"href":"https:\/\/fg.ull.es\/hemeroteca\/wp-json\/wp\/v2\/types\/post"}],"author":[{"embeddable":true,"href":"https:\/\/fg.ull.es\/hemeroteca\/wp-json\/wp\/v2\/users\/36"}],"replies":[{"embeddable":true,"href":"https:\/\/fg.ull.es\/hemeroteca\/wp-json\/wp\/v2\/comments?post=16136"}],"version-history":[{"count":0,"href":"https:\/\/fg.ull.es\/hemeroteca\/wp-json\/wp\/v2\/posts\/16136\/revisions"}],"wp:featuredmedia":[{"embeddable":true,"href":"https:\/\/fg.ull.es\/hemeroteca\/wp-json\/wp\/v2\/media\/16135"}],"wp:attachment":[{"href":"https:\/\/fg.ull.es\/hemeroteca\/wp-json\/wp\/v2\/media?parent=16136"}],"wp:term":[{"taxonomy":"category","embeddable":true,"href":"https:\/\/fg.ull.es\/hemeroteca\/wp-json\/wp\/v2\/categories?post=16136"},{"taxonomy":"post_tag","embeddable":true,"href":"https:\/\/fg.ull.es\/hemeroteca\/wp-json\/wp\/v2\/tags?post=16136"}],"curies":[{"name":"wp","href":"https:\/\/api.w.org\/{rel}","templated":true}]}}