{"id":16133,"date":"2015-03-06T10:30:21","date_gmt":"2015-03-06T10:30:21","guid":{"rendered":"http:\/\/www.fg.ull.es\/?p=16133"},"modified":"2015-03-06T10:30:21","modified_gmt":"2015-03-06T10:30:21","slug":"el-programa-cataliza-ii-permitira-a-460-jovenes-con-titulacion-de-canarias-realizar-practicas-profesionales-en-empresas","status":"publish","type":"post","link":"https:\/\/fg.ull.es\/hemeroteca\/2015\/03\/06\/el-programa-cataliza-ii-permitira-a-460-jovenes-con-titulacion-de-canarias-realizar-practicas-profesionales-en-empresas\/","title":{"rendered":"El programa Cataliza II permitir\u00e1 a 460 j\u00f3venes con titulaci\u00f3n de Canarias realizar pr\u00e1cticas profesionales en empresas"},"content":{"rendered":"<p>Est&aacute; dirigido a titulados universitarios, de formaci&oacute;n profesional y certificados de profesionalidad canarios, en situaci&oacute;n de desempleo, de entre 18 y 25 a&ntilde;os y con una experiencia laboral inferior a tres meses. En la primera edici&oacute;n el 60% de los j&oacute;venes beneficiarios consiguieron insertarse laboralmente.<\/p>\n<p><\/p>\n<p>El Gobierno de Canarias aprob&oacute; el pasado mes de diciembre las subvenciones para que la Universidad de La Laguna y la Universidad de Las Palmas de Gran Canaria pusieran en marcha el programa <em>Cataliza II<\/em>. Esta iniciativa permitir&aacute; a 460 egresados universitarios, titulados en Formaci&oacute;n Profesional y j&oacute;venes con Certificados de Profesionalidad realizar pr&aacute;cticas profesionales no laborales en empresas privadas.<\/p>\n<p>Los j&oacute;venes titulados interesados en participar en el programa deber&aacute;n estar inscritos como demandantes de empleo en el Servicio Canario de Empleo y tener el curr&iacute;culum actualizado, ser residentes canarios, tener entre 18 y 25 a&ntilde;os y no disponer de una experiencia laboral superior a tres meses. La selecci&oacute;n de los candidatos la realizar&aacute; el Servicio Canario de Empleo mediante sondeo, por lo que no hay que inscribirse en el programa pero s&iacute; formalizar la demanda en las oficinas del Servicio Canario de Empleo a trav&eacute;s del servicio &ldquo;12h&rdquo;. Otra opci&oacute;n de la que disponen los titulados es buscar la empresa donde deseen realizar las pr&aacute;cticas formativas y proponerle a la misma unirse al programa.<\/p>\n<p>El objetivo de <em>Cataliza II<\/em> es facilitar a los j&oacute;venes titulados la realizaci&oacute;n de pr&aacute;cticas no laborales en empresas privadas de forma que puedan acreditar su primera experiencia laboral en una actividad para la cual han realizado su formaci&oacute;n. El fin &uacute;ltimo que se persigue es incrementar las posibilidades de estos j&oacute;venes para insertarse en el mercado laboral.&nbsp; Adem&aacute;s, tambi&eacute;n se enriquecer&aacute; la formaci&oacute;n acad&eacute;mica recibida con otra formaci&oacute;n m&aacute;s espec&iacute;fica y especializada que capacite a los j&oacute;venes en habilidades y aptitudes para el puesto de trabajo durante el desarrollo de las labores de la beca.<\/p>\n<p>En la misma l&iacute;nea, se busca mostrar a las empresas privadas el abanico competencial de los t&iacute;tulos ofertados por las universidades canarias y las distintas familias profesionales de la formaci&oacute;n profesional reglada, as&iacute; como las capacidades de sus egresados.<\/p>\n<p>De esta manera, las empresas que quieran participar en <em>Cataliza II<\/em> podr&aacute;n&nbsp; enriquecerse con la motivaci&oacute;n y perspectivas innovadoras que puedan aportar los j&oacute;venes. Desde una &oacute;ptica m&aacute;s pragm&aacute;tica, las empresas podr&aacute;n ver c&oacute;mo se reduce el tiempo de adaptaci&oacute;n a su organizaci&oacute;n y los costes de selecci&oacute;n de personal. Asimismo, tanto durante el programa de pr&aacute;cticas como a su finalizaci&oacute;n, las empresas pueden decidir la contrataci&oacute;n de la persona titulada acogi&eacute;ndose a los incentivos de contrataci&oacute;n que existan en la legislaci&oacute;n.&nbsp;Toda la informaci&oacute;n est&aacute; disponible en la web del programa: <a href='http:\/\/www.catalizacanarias.org'>www.catalizacanarias.org<\/a>.<\/p>\n<p>Este est&aacute; cofinanciado con fondos Comunitarios del Fondo Social Europeo, a trav&eacute;s del Programa Operativo FSE de Canarias, para el periodo 2014-2020, con un porcentaje de financiaci&oacute;n del 85%.<\/p>\n<p><strong>Primera edici&oacute;n de Cataliza<\/strong><\/p>\n<p>En la primera edici&oacute;n de este proyecto, que se celebr&oacute; de 2012 a 2014, participaron 1.208 j&oacute;venes, de los que un 92%, 1114, recibieron la formaci&oacute;n inicial que contempla el programa. Aunque en un principio se ten&iacute;a previsto que fueran 327 las plazas para becas, en respuesta a la demanda y el buen curso del proyecto, se consigui&oacute; ampliar este n&uacute;mero y fueron finalmente 371 j&oacute;venes los beneficiarios de una beca.&nbsp; De estos, seg&uacute;n datos del Observatorio Canario de Empleo, 224 consiguieron insertarse laboralmente, lo que supone m&aacute;s de un 60% del total.<\/p>\n","protected":false},"excerpt":{"rendered":"<p>Est&aacute; dirigido a titulados universitarios, de formaci&oacute;n profesional y certificados de profesionalidad canarios, en situaci&oacute;n de desempleo, de entre 18 y 25 a&ntilde;os y con una experiencia laboral inferior a tres meses. En la primera edici&oacute;n el 60% de los j&oacute;venes beneficiarios consiguieron insertarse laboralmente.<\/p>\n","protected":false},"author":36,"featured_media":16132,"comment_status":"closed","ping_status":"open","sticky":false,"template":"","format":"standard","meta":{"footnotes":""},"categories":[3],"tags":[173,548,672,1131],"featured_image_thumbnail_url":"https:\/\/fg.ull.es\/hemeroteca\/wp-content\/uploads\/sites\/14\/2015\/04\/2761_j4_pantalla_1280x720-300x169.jpg","_links":{"self":[{"href":"https:\/\/fg.ull.es\/hemeroteca\/wp-json\/wp\/v2\/posts\/16133"}],"collection":[{"href":"https:\/\/fg.ull.es\/hemeroteca\/wp-json\/wp\/v2\/posts"}],"about":[{"href":"https:\/\/fg.ull.es\/hemeroteca\/wp-json\/wp\/v2\/types\/post"}],"author":[{"embeddable":true,"href":"https:\/\/fg.ull.es\/hemeroteca\/wp-json\/wp\/v2\/users\/36"}],"replies":[{"embeddable":true,"href":"https:\/\/fg.ull.es\/hemeroteca\/wp-json\/wp\/v2\/comments?post=16133"}],"version-history":[{"count":0,"href":"https:\/\/fg.ull.es\/hemeroteca\/wp-json\/wp\/v2\/posts\/16133\/revisions"}],"wp:featuredmedia":[{"embeddable":true,"href":"https:\/\/fg.ull.es\/hemeroteca\/wp-json\/wp\/v2\/media\/16132"}],"wp:attachment":[{"href":"https:\/\/fg.ull.es\/hemeroteca\/wp-json\/wp\/v2\/media?parent=16133"}],"wp:term":[{"taxonomy":"category","embeddable":true,"href":"https:\/\/fg.ull.es\/hemeroteca\/wp-json\/wp\/v2\/categories?post=16133"},{"taxonomy":"post_tag","embeddable":true,"href":"https:\/\/fg.ull.es\/hemeroteca\/wp-json\/wp\/v2\/tags?post=16133"}],"curies":[{"name":"wp","href":"https:\/\/api.w.org\/{rel}","templated":true}]}}