{"id":16130,"date":"2015-03-05T12:59:00","date_gmt":"2015-03-05T12:59:00","guid":{"rendered":"http:\/\/www.fg.ull.es\/?p=16130"},"modified":"2015-03-05T12:59:00","modified_gmt":"2015-03-05T12:59:00","slug":"la-decima-pildora-formativa-de-emprende-ull-conto-con-la-asistencia-de-veinte-personas","status":"publish","type":"post","link":"https:\/\/fg.ull.es\/hemeroteca\/2015\/03\/05\/la-decima-pildora-formativa-de-emprende-ull-conto-con-la-asistencia-de-veinte-personas\/","title":{"rendered":"La d\u00e9cima p\u00edldora formativa de Emprende.ull cont\u00f3 con la asistencia de veinte personas"},"content":{"rendered":"<p>Esta nueva sesi&oacute;n del semillero de p&iacute;ldoras tuvo lugar ayer, 4 de marzo, en el aulario de la Fundaci&oacute;n General de la ULL. Estuvo dedicada a los procesos de gesti&oacute;n administrativa de los Recursos Humanos de una empresa.<\/p>\n<p><\/p>\n<p>El semillero de p&iacute;ldoras formativas de la Unidad de Emprendimiento de la Fundaci&oacute;n General de la ULL realiz&oacute; ayer, 4 de marzo, su d&eacute;cima sesi&oacute;n. Como viene siendo habitual, se desarroll&oacute; en su horario habitual de 16:30 a 19:30 horas en el aulario de la Fundaci&oacute;n. Cont&oacute; con la asistencia de veinte personas con inquietudes emprendedoras y &nbsp;estuvo dedicada a dar a conocer los diferentes procesos de gesti&oacute;n administrativa de los Recursos Humanos.<\/p>\n<p>La sesi&oacute;n corri&oacute; a cargo de Mar&iacute;a Jos&eacute; D&iacute;az Bienes, responsable del &Aacute;rea de Gesti&oacute;n Laboral en Garo&eacute; Travis S.L. Ella fue la encargada de introducir a las personas asistentes en el marco de la gesti&oacute;n administrativa de los Recursos Humanos, relacionados con la contrataci&oacute;n de personal, gesti&oacute;n de los contratos laborales, aplicaci&oacute;n de convenios colectivos, an&aacute;lisis general de la estructura del modelo justificativo de salarios, entre otros. Todos estos conceptos fueron explicados de una manera sencilla y pr&aacute;ctica, de manera que les resultase &uacute;til dicha informaci&oacute;n para la planificaci&oacute;n y selecci&oacute;n de la plantilla laboral.<\/p>\n<p>Adem&aacute;s, tambi&eacute;n realizaron c&aacute;lculos de las cotizaciones de la seguridad social, tanto como asalariado y como aut&oacute;nomo, y se profundiz&oacute; en los diferentes procedimientos de Inspecci&oacute;n del Trabajo y Seguridad Social.<\/p>\n<p>La pr&oacute;xima sesi&oacute;n ser&aacute; el 25 de marzo en su horario habitual, de 16:30 a 19:30 horas, en el aulario de la Fundaci&oacute;n General de la ULL y estar&aacute; dedicada al marco tributario en el emprendimiento. Aquellas personas interesadas en realizar <a href='https:\/\/sede.fg.ull.es\/es\/emprendimiento\/detalle\/a14040236\/pildora-formativa-el-marco-tributario-en-el-emprendimiento'>la inscripci&oacute;n<\/a> podr&aacute;n hacerlo hasta el mismo 25 de marzo a las doce de la ma&ntilde;ana.<\/p>\n","protected":false},"excerpt":{"rendered":"<p>Esta nueva sesi&oacute;n del semillero de p&iacute;ldoras tuvo lugar ayer, 4 de marzo, en el aulario de la Fundaci&oacute;n General de la ULL. Estuvo dedicada a los procesos de gesti&oacute;n administrativa de los Recursos Humanos de una empresa.<\/p>\n","protected":false},"author":36,"featured_media":16129,"comment_status":"closed","ping_status":"open","sticky":false,"template":"","format":"standard","meta":{"footnotes":""},"categories":[3],"tags":[173,533,541,672,1353,1424],"featured_image_thumbnail_url":"https:\/\/fg.ull.es\/hemeroteca\/wp-content\/uploads\/sites\/14\/2015\/04\/2760_qx_dsc_0004-300x201.jpg","_links":{"self":[{"href":"https:\/\/fg.ull.es\/hemeroteca\/wp-json\/wp\/v2\/posts\/16130"}],"collection":[{"href":"https:\/\/fg.ull.es\/hemeroteca\/wp-json\/wp\/v2\/posts"}],"about":[{"href":"https:\/\/fg.ull.es\/hemeroteca\/wp-json\/wp\/v2\/types\/post"}],"author":[{"embeddable":true,"href":"https:\/\/fg.ull.es\/hemeroteca\/wp-json\/wp\/v2\/users\/36"}],"replies":[{"embeddable":true,"href":"https:\/\/fg.ull.es\/hemeroteca\/wp-json\/wp\/v2\/comments?post=16130"}],"version-history":[{"count":0,"href":"https:\/\/fg.ull.es\/hemeroteca\/wp-json\/wp\/v2\/posts\/16130\/revisions"}],"wp:featuredmedia":[{"embeddable":true,"href":"https:\/\/fg.ull.es\/hemeroteca\/wp-json\/wp\/v2\/media\/16129"}],"wp:attachment":[{"href":"https:\/\/fg.ull.es\/hemeroteca\/wp-json\/wp\/v2\/media?parent=16130"}],"wp:term":[{"taxonomy":"category","embeddable":true,"href":"https:\/\/fg.ull.es\/hemeroteca\/wp-json\/wp\/v2\/categories?post=16130"},{"taxonomy":"post_tag","embeddable":true,"href":"https:\/\/fg.ull.es\/hemeroteca\/wp-json\/wp\/v2\/tags?post=16130"}],"curies":[{"name":"wp","href":"https:\/\/api.w.org\/{rel}","templated":true}]}}