{"id":16124,"date":"2015-03-09T10:25:17","date_gmt":"2015-03-09T10:25:17","guid":{"rendered":"http:\/\/www.fg.ull.es\/?p=16124"},"modified":"2015-03-09T10:25:17","modified_gmt":"2015-03-09T10:25:17","slug":"la-tercera-edicion-de-startup-weekend-tenerife-reunira-a-profesionales-de-la-innovacion-para-crear-empresas-en-cincuenta-y-cuatro-horas","status":"publish","type":"post","link":"https:\/\/fg.ull.es\/hemeroteca\/2015\/03\/09\/la-tercera-edicion-de-startup-weekend-tenerife-reunira-a-profesionales-de-la-innovacion-para-crear-empresas-en-cincuenta-y-cuatro-horas\/","title":{"rendered":"La tercera edici\u00f3n de Startup Weekend Tenerife reunir\u00e1 a profesionales de la innovaci\u00f3n para crear empresas en cincuenta y cuatro horas"},"content":{"rendered":"<p>Las entradas, que incluyen las comidas del fin de semana, se podr&aacute;n adquirir a 30 euros hasta el 13 de marzo. El evento se&nbsp; celebrar&aacute;&nbsp; el&nbsp; 20,&nbsp; 21&nbsp; y&nbsp; 22&nbsp; de&nbsp; marzo&nbsp; en&nbsp; el edificio de Bellas Artes de la Facultad de Humanidades de la Universidad de La Laguna.<\/p>\n<p><\/p>\n<p>La tercera edici&oacute;n de <em>Startup Weekend Tenerife<\/em> se desarrollar&aacute; del 20 al 22 de marzo en el edificio de Bellas Artes de la Facultad de Humanidades de la Universidad de La Laguna. Se concentrar&aacute;n participantes con distintos perfiles como desarrolladores, empresarios, dise&ntilde;adores y programadores para llevar a cabo comunidades, empresas y proyectos en apenas cincuenta y cuatro horas.&nbsp; Se mantendr&aacute; el precio reducido de las entradas, treinta euros, hasta el pr&oacute;ximo 13 de marzo gracias a la aportaci&oacute;n de un nuevo patrocinador, la agencia de publicidad BC Publicidad.<\/p>\n<p>La agenda de esta edici&oacute;n se abrir&aacute; el viernes 20 de marzo con una conferencia inaugural llevada a cabo por el tinerfe&ntilde;o Iv&aacute;n Rodr&iacute;guez Gonz&aacute;lez, <em>Chief Compliance Officer<\/em> de la empresa Pirendo. La charla tendr&aacute; un marcado car&aacute;cter motivacional con el objetivo de que los participantes adquieran una predisposici&oacute;n positiva para afrontar los retos del fin de semana. Ese mismo d&iacute;a, los participantes expondr&aacute;n sus ideas y se votar&aacute; para desarrollar las m&aacute;s novedosas. As&iacute;, se conformar&aacute;n grupos de trabajo de entre seis y ocho personas para llevar a cabo un prototipo real de la idea.<\/p>\n<p>Ya el s&aacute;bado d&iacute;a 21 y domingo 22 tendr&aacute;n lugar otras charlas y debates, entre los que destaca el que se realizar&aacute; en la noche del s&aacute;bado con la dinamizaci&oacute;n de Clara &Aacute;vila, colaboradora del peri&oacute;dico &ldquo;El Pa&iacute;s&rdquo; y &ldquo;TV2&rdquo;. &Aacute;vila moderar&aacute; una sesi&oacute;n donde todos los mentores expondr&aacute;n los principales errores y aciertos de los emprendedores que intentan montar una s<em>tartup<\/em> de &eacute;xito.<\/p>\n<p>Estos dos &uacute;ltimos d&iacute;as los equipos estar&aacute;n dedicados mayoritariamente a la construcci&oacute;n del producto; mientras que la &uacute;ltima parte del domingo se destinar&aacute; a que los participantes reciban <em>feedback<\/em> de los mentores y a la evaluaci&oacute;n de los expertos, que determinar&aacute;n cu&aacute;les son los tres mejores proyectos.<\/p>\n<p>En este evento, de un fin de semana de duraci&oacute;n, los participantes deber&aacute;n plantearse la meta de perfeccionar sus ideas de negocio, con la intenci&oacute;n de alcanzar el reconocimiento del evento y posicionarse desde las primeras etapas como un modelo innovador e interesante para sus promotores y el entorno. Con la entrada se incluyen todas las comidas del fin de semana evento (dos desayunos, dos cenas y dos almuerzos), asistencia a charlas, el asesoramiento personalizado de expertos, material fungible y promocional, descuentos y premios de patrocinadores (estancia en&nbsp; viveros y espacios coworking, merchandising y otros). Adem&aacute;s, los proyectos ganadores y el resto de participantes obtendr&aacute;n una amplia difusi&oacute;n de sus ideas, accediendo a una red de contactos de &aacute;mbito internacional.<\/p>\n<p>Startup&nbsp; Weekend&nbsp; Tenerife&nbsp; est&aacute;&nbsp; organizado&nbsp; por&nbsp; un&nbsp; grupo&nbsp; de&nbsp; profesionales&nbsp; de&nbsp; diversos sectores&nbsp; que&nbsp; a&uacute;nan&nbsp; esfuerzos&nbsp; con&nbsp; el&nbsp; objetivo&nbsp; de&nbsp; fomentar&nbsp; las&nbsp; empresas&nbsp; de&nbsp; base&nbsp; tecnol&oacute;gica y su consolidaci&oacute;n. Cuenta con el patrocinio principal de la Fundaci&oacute;n General de la Universidad de La Laguna y la Universidad de La Laguna, as&iacute; como Parque Cient&iacute;fico y Tecnol&oacute;gico de Tenerife, BC Publicidad, Grupo Rahn y Smart.<\/p>\n<p>Tambi&eacute;n colaboran Coworking Anaga, Fletcher.Co, Iombi, Franja47, ENC Legal &amp; Corporate, Naixu, Darma Project, Dorada, Metrotenerife, Fonteide, Musicanarias, Dulce Compa&ntilde;&iacute;a, Universo Coworking, Art&amp;CO, Coworking Nomad, GRADE y Videolean.<\/p>\n<p><strong>Mentores<\/strong><\/p>\n<p>Algunos de los mentores con experiencia nacional e internacional que ofrecer&aacute;n charlas y asesorar&aacute;n a los participantes en esta tercera edici&oacute;n del evento son: Tim Delhaes, co-fundador &amp; CEO de mon.ki; Guillermo Marqueta-Siibert, director de Fundaci&oacute;n Inlea, dedicada a la formaci&oacute;n y acompa&ntilde;amiento de personas con ideas de negocio de base tecnol&oacute;gica; Daniel Romy Mart&iacute;, director de inversiones en Media Digital Ventures; Carlos Mart&iacute;nez, partner-CEO en M&amp;Partners; Iv&aacute;n Rodr&iacute;guez Gonz&aacute;lez, soporte y Relaciones con el Cliente en Pirendo, plataforma espa&ntilde;ola dedicada a la inteligencia y anal&iacute;tica en Social Media; Clara &Aacute;vila Cantos, consultora en Marketing Digital; Lavin Luis, experto en startups y emprendedor; David Mac&iacute;as Alejandro, CEO en Videolean y Motion4startups; Francisco Mesa, director t&eacute;cnico en eldia.es; Isidro Quintana Ravelo, fundador, CEO y director creativo de Promineo Studios; Igor Modino, co-fundador de DARMA Projects y CTO de eSportics; Luis Alcal&aacute; Mascare&ntilde;o, fundador y director de proyectos en FreshCommerce; y Rafa Torres, UX y Product Design Consultant.<\/p>\n<p><strong>Iv&aacute;n Rodr&iacute;guez y Clara &Aacute;vila<\/strong><\/p>\n<p>Iv&aacute;n Rodr&iacute;guez: licenciado en Bellas Artes y residente en Madrid, es CCO de Pirendo, una startup que en los &uacute;ltimos a&ntilde;os se ha convertido en la empresa l&iacute;der en Espa&ntilde;a de anal&iacute;tica en redes sociales. Es tambi&eacute;n fundador de TwittBoy.com y creador de S&iacute;mbolos, una herramienta web que te facilita publicar diversos iconos, dibujos en ASCII y caracteres Unicode directamente en tu cuenta de Twitter, y Only Mouse Games, una web especializada en juegos para jugar sin el teclado.<\/p>\n<p>Clara &Aacute;vila: consultora en Marketing Digital en The Cocktail con clientes como la Correos, Kutxabank, Leroy Merling, Universidad Europea de Madrid o Kelloggs. Colaboradora en el blog de Aplilandia dentro de El Pa&iacute;s. Colaboradora en el programa de TV2 &ldquo;La Nube&rdquo; en la secci&oacute;n de actualidad en redes sociales, y en los programas de Onda Cero &ldquo;Qu&iacute;tate la Liga&rdquo; y &ldquo;Conectados en la Onda&rdquo;.<\/p>\n","protected":false},"excerpt":{"rendered":"<p>Las entradas, que incluyen las comidas del fin de semana, se podr&aacute;n adquirir a 30 euros hasta el 13 de marzo. El evento se&nbsp; celebrar&aacute;&nbsp; el&nbsp; 20,&nbsp; 21&nbsp; y&nbsp; 22&nbsp; de&nbsp; marzo&nbsp; en&nbsp; el edificio de Bellas Artes de la Facultad de Humanidades de la Universidad de La Laguna.<\/p>\n","protected":false},"author":36,"featured_media":16123,"comment_status":"closed","ping_status":"open","sticky":false,"template":"","format":"standard","meta":{"footnotes":""},"categories":[8],"tags":[173,533,541,548,821,1353,1424],"featured_image_thumbnail_url":"https:\/\/fg.ull.es\/hemeroteca\/wp-content\/uploads\/sites\/14\/2015\/04\/2767_wr_ideas-300x168.jpg","_links":{"self":[{"href":"https:\/\/fg.ull.es\/hemeroteca\/wp-json\/wp\/v2\/posts\/16124"}],"collection":[{"href":"https:\/\/fg.ull.es\/hemeroteca\/wp-json\/wp\/v2\/posts"}],"about":[{"href":"https:\/\/fg.ull.es\/hemeroteca\/wp-json\/wp\/v2\/types\/post"}],"author":[{"embeddable":true,"href":"https:\/\/fg.ull.es\/hemeroteca\/wp-json\/wp\/v2\/users\/36"}],"replies":[{"embeddable":true,"href":"https:\/\/fg.ull.es\/hemeroteca\/wp-json\/wp\/v2\/comments?post=16124"}],"version-history":[{"count":0,"href":"https:\/\/fg.ull.es\/hemeroteca\/wp-json\/wp\/v2\/posts\/16124\/revisions"}],"wp:featuredmedia":[{"embeddable":true,"href":"https:\/\/fg.ull.es\/hemeroteca\/wp-json\/wp\/v2\/media\/16123"}],"wp:attachment":[{"href":"https:\/\/fg.ull.es\/hemeroteca\/wp-json\/wp\/v2\/media?parent=16124"}],"wp:term":[{"taxonomy":"category","embeddable":true,"href":"https:\/\/fg.ull.es\/hemeroteca\/wp-json\/wp\/v2\/categories?post=16124"},{"taxonomy":"post_tag","embeddable":true,"href":"https:\/\/fg.ull.es\/hemeroteca\/wp-json\/wp\/v2\/tags?post=16124"}],"curies":[{"name":"wp","href":"https:\/\/api.w.org\/{rel}","templated":true}]}}