{"id":16121,"date":"2015-03-05T11:48:09","date_gmt":"2015-03-05T11:48:09","guid":{"rendered":"http:\/\/www.fg.ull.es\/?p=16121"},"modified":"2015-03-05T11:48:09","modified_gmt":"2015-03-05T11:48:09","slug":"cienciull-renueva-su-acreditacion-como-miembro-de-la-red-de-unidades-de-cultura-cientifica-y-de-la-innovacion-de-la-fecyt","status":"publish","type":"post","link":"https:\/\/fg.ull.es\/hemeroteca\/2015\/03\/05\/cienciull-renueva-su-acreditacion-como-miembro-de-la-red-de-unidades-de-cultura-cientifica-y-de-la-innovacion-de-la-fecyt\/","title":{"rendered":"Cienci@ULL renueva su acreditaci\u00f3n como miembro de la Red de Unidades de Cultura Cient\u00edfica y de la Innovaci\u00f3n de la FECYT"},"content":{"rendered":"<p>La Unidad de Cultura Cient&iacute;fica y de la Innovaci&oacute;n de la Universidad de La Laguna, Cienci@ULL, pertenece a la Red desde 2013. Para el mantenimiento de este sello es preciso cumplir con una serie de indicadores que se eval&uacute;an anualmente<\/p>\n<p><\/p>\n<p>La Fundaci&oacute;n Espa&ntilde;ola para la Ciencia y Tecnolog&iacute;a, FECYT, ha determinado renovar la acreditaci&oacute;n de la Unidad de Cultura Cient&iacute;fica y de la Innovaci&oacute;n de la Universidad de La Laguna, <em>Cienci@ULL<\/em>, hasta diciembre de 2016. La Universidad lagunera consigui&oacute; este sello por primera vez en 2013 y el planteamiento actual es continuar profundizando en esta l&iacute;nea de acci&oacute;n e incluso ampliar sus resultados.<\/p>\n<p>El objetivo primordial de la Red es acercar a la sociedad la actividad cient&iacute;fica de una manera cercana pero con el suficiente rigor cient&iacute;fico.&nbsp; Hoy en d&iacute;a es uno de los principales agentes en la difusi&oacute;n y divulgaci&oacute;n de la ciencia y la innovaci&oacute;n en Espa&ntilde;a convirti&eacute;ndose en un servicio clave para mejorar e incrementar la formaci&oacute;n, la cultura y los conocimientos cient&iacute;ficos y tecnol&oacute;gicos en la poblaci&oacute;n espa&ntilde;ola y, sobre todo, en el colectivo juvenil.<\/p>\n<p>La Unidad <em>Cienci@ULL<\/em> es la primera UCC I canaria en formar parte de dicho registro. La Universidad de La Laguna y <em>Cienci@ULL<\/em> organizan y desarrollan actividades que promueven la curiosidad cient&iacute;fica en la comunidad canaria. Entre las acciones desarrolladas se encuentran, entre otras, las rutas cient&iacute;ficas, pr&aacute;cticas de laboratorio o charlas de profesionales de la investigaci&oacute;n, con las que se pretende facilitar el proceso de toma de decisiones entre los j&oacute;venes a la hora de decidir sus intereses profesionales<\/p>\n","protected":false},"excerpt":{"rendered":"<p>La Unidad de Cultura Cient&iacute;fica y de la Innovaci&oacute;n de la Universidad de La Laguna, Cienci@ULL, pertenece a la Red desde 2013. Para el mantenimiento de este sello es preciso cumplir con una serie de indicadores que se eval&uacute;an anualmente<\/p>\n","protected":false},"author":36,"featured_media":16120,"comment_status":"closed","ping_status":"open","sticky":false,"template":"","format":"standard","meta":{"footnotes":""},"categories":[8],"tags":[173,339,821,1353,1424],"featured_image_thumbnail_url":"https:\/\/fg.ull.es\/hemeroteca\/wp-content\/uploads\/sites\/14\/2015\/04\/2758_of_pantalla_cienciaull-300x169.jpg","_links":{"self":[{"href":"https:\/\/fg.ull.es\/hemeroteca\/wp-json\/wp\/v2\/posts\/16121"}],"collection":[{"href":"https:\/\/fg.ull.es\/hemeroteca\/wp-json\/wp\/v2\/posts"}],"about":[{"href":"https:\/\/fg.ull.es\/hemeroteca\/wp-json\/wp\/v2\/types\/post"}],"author":[{"embeddable":true,"href":"https:\/\/fg.ull.es\/hemeroteca\/wp-json\/wp\/v2\/users\/36"}],"replies":[{"embeddable":true,"href":"https:\/\/fg.ull.es\/hemeroteca\/wp-json\/wp\/v2\/comments?post=16121"}],"version-history":[{"count":0,"href":"https:\/\/fg.ull.es\/hemeroteca\/wp-json\/wp\/v2\/posts\/16121\/revisions"}],"wp:featuredmedia":[{"embeddable":true,"href":"https:\/\/fg.ull.es\/hemeroteca\/wp-json\/wp\/v2\/media\/16120"}],"wp:attachment":[{"href":"https:\/\/fg.ull.es\/hemeroteca\/wp-json\/wp\/v2\/media?parent=16121"}],"wp:term":[{"taxonomy":"category","embeddable":true,"href":"https:\/\/fg.ull.es\/hemeroteca\/wp-json\/wp\/v2\/categories?post=16121"},{"taxonomy":"post_tag","embeddable":true,"href":"https:\/\/fg.ull.es\/hemeroteca\/wp-json\/wp\/v2\/tags?post=16121"}],"curies":[{"name":"wp","href":"https:\/\/api.w.org\/{rel}","templated":true}]}}