{"id":16118,"date":"2015-03-04T17:39:18","date_gmt":"2015-03-04T17:39:18","guid":{"rendered":"http:\/\/www.fg.ull.es\/?p=16118"},"modified":"2015-03-04T17:39:18","modified_gmt":"2015-03-04T17:39:18","slug":"convocatoria-de-seleccion-de-personal-con-cargo-al-proyecto-de-investigacion-prediccion-del-consumo-de-agua","status":"publish","type":"post","link":"https:\/\/fg.ull.es\/hemeroteca\/2015\/03\/04\/convocatoria-de-seleccion-de-personal-con-cargo-al-proyecto-de-investigacion-prediccion-del-consumo-de-agua\/","title":{"rendered":"Convocatoria de selecci\u00f3n de personal con cargo al proyecto de investigaci\u00f3n &#039;Predicci\u00f3n del consumo de agua&#039;"},"content":{"rendered":"<p style='text-align: justify'>El periodo de inscripci&oacute;n se inicia el 05 de marzo y finaliza el pr&oacute;ximo d&iacute;a 09, ambos incluidos. Los\/as interesados\/as en participar en el proceso de selecci&oacute;n deben presentar su candidatura desde la sede electr&oacute;nica de la Fundaci&oacute;n.<\/p>\n<p><\/p>\n<p style='text-align: justify'>A partir del mi&eacute;rcoles 05 de marzo, las personas interesadas podr&aacute;n optar a una plaza de investigador\/a para participar en el proyecto&nbsp;<em>Predicci&oacute;n del consumo de agua.<\/em><\/p>\n<p style='text-align: justify'>Las personas interesadas en presentar su candidatura deben tener como requisitos m&iacute;nimos los siguientes:<\/p>\n<ul style='text-align: justify'>\n<li>Ingenier&iacute;a Superior Inform&aacute;tica.<\/li>\n<li>Doctor\/a.<\/li>\n<\/ul>\n<p style='text-align: justify'>Para la inscripci&oacute;n es totalmente necesario el cumplimiento de los requisitos y expuesto en las bases que se presentan a continuaci&oacute;n. Inscripciones <a title='Inscripciones' href='https:\/\/sede.fg.ull.es\/es\/empleo\/detalle\/a15110036\/seleccion-de-personal-para-el-desarrollo-del-proyecto-prediccion-del-consumo-de-agua-teidagua-y-canaragua-sector-del-cardonal'>aqu&iacute;<\/a>.<\/p>\n<p style='text-align: justify'>Puedes ver las bases en:<\/p>\n<ul>\n<li><a title='Bases Generales' href='..\/..\/public\/docs\/1756_5b_bases_convocatoria_de_seleccion_de_personal_1.pdf' target='_blank' rel=\"noopener noreferrer\">Bases Generales<\/a><\/li>\n<li><a title='Perfil Singular' href='..\/..\/public\/docs\/1757_vo_20150304_perfil_singular.pdf'>Perfil Singular<\/a><\/li>\n<\/ul>\n","protected":false},"excerpt":{"rendered":"<p style='text-align: justify'>El periodo de inscripci&oacute;n se inicia el 05 de marzo y finaliza el pr&oacute;ximo d&iacute;a 09, ambos incluidos. Los\/as interesados\/as en participar en el proceso de selecci&oacute;n deben presentar su candidatura desde la sede electr&oacute;nica de la Fundaci&oacute;n.<\/p>\n","protected":false},"author":36,"featured_media":0,"comment_status":"closed","ping_status":"open","sticky":false,"template":"","format":"standard","meta":{"footnotes":""},"categories":[8],"tags":[173,862,1066],"featured_image_thumbnail_url":null,"_links":{"self":[{"href":"https:\/\/fg.ull.es\/hemeroteca\/wp-json\/wp\/v2\/posts\/16118"}],"collection":[{"href":"https:\/\/fg.ull.es\/hemeroteca\/wp-json\/wp\/v2\/posts"}],"about":[{"href":"https:\/\/fg.ull.es\/hemeroteca\/wp-json\/wp\/v2\/types\/post"}],"author":[{"embeddable":true,"href":"https:\/\/fg.ull.es\/hemeroteca\/wp-json\/wp\/v2\/users\/36"}],"replies":[{"embeddable":true,"href":"https:\/\/fg.ull.es\/hemeroteca\/wp-json\/wp\/v2\/comments?post=16118"}],"version-history":[{"count":0,"href":"https:\/\/fg.ull.es\/hemeroteca\/wp-json\/wp\/v2\/posts\/16118\/revisions"}],"wp:attachment":[{"href":"https:\/\/fg.ull.es\/hemeroteca\/wp-json\/wp\/v2\/media?parent=16118"}],"wp:term":[{"taxonomy":"category","embeddable":true,"href":"https:\/\/fg.ull.es\/hemeroteca\/wp-json\/wp\/v2\/categories?post=16118"},{"taxonomy":"post_tag","embeddable":true,"href":"https:\/\/fg.ull.es\/hemeroteca\/wp-json\/wp\/v2\/tags?post=16118"}],"curies":[{"name":"wp","href":"https:\/\/api.w.org\/{rel}","templated":true}]}}