{"id":16104,"date":"2015-03-04T09:58:04","date_gmt":"2015-03-04T09:58:04","guid":{"rendered":"http:\/\/www.fg.ull.es\/?p=16104"},"modified":"2015-03-04T09:58:04","modified_gmt":"2015-03-04T09:58:04","slug":"abierto-el-plazo-de-inscripcion-para-el-programa-erasmus-para-jovenes-emprendedores-especializado-en-medioambiente-y-ecologia","status":"publish","type":"post","link":"https:\/\/fg.ull.es\/hemeroteca\/2015\/03\/04\/abierto-el-plazo-de-inscripcion-para-el-programa-erasmus-para-jovenes-emprendedores-especializado-en-medioambiente-y-ecologia\/","title":{"rendered":"Abierto el plazo de inscripci\u00f3n para el programa &#039;Erasmus para J\u00f3venes Emprendedores&#039; especializado en medioambiente y ecolog\u00eda"},"content":{"rendered":"<p>Las personas emprendedoras y las empresas que est&eacute;n interesadas en inscribirse en el proyecto ya pueden hacerlo a trav&eacute;s de su p&aacute;gina web. Esta iniciativa, que gestionar&aacute; m&aacute;s de 100 intercambios entre j&oacute;venes emprendedores y empresas consolidadas, est&aacute; liderada por la Fundaci&oacute;n General de la&nbsp; ULL.<\/p>\n<p><\/p>\n<p>Tras la reciente concesi&oacute;n a la Fundaci&oacute;n General de la Universidad de La Laguna por parte de la Comisi&oacute;n Europea de la gesti&oacute;n del proyecto &ldquo;European eXperience Accelerator for Green Business and Eco-Entrepreneurship&rdquo;, EXAGE, (Experiencia Europea de Aceleraci&oacute;n para Negocios verdes y Eco-emprendimiento), se ha abierto el periodo de inscripci&oacute;n a trav&eacute;s de la p&aacute;gina web del proyecto: <a href='http:\/\/www.erasmus-entrepreneurs.eu\/'>www.erasmus-entrepreneurs.eu<\/a>. Las personas interesadas en inscribirse en el programa deber&aacute;n seleccionar a la Fundaci&oacute;n General como su entidad intermediaria y escribir un correo electr&oacute;nico a <a href='mailto:movilidad@fg.ull.es'>movilidad@fg.ull.es<\/a>.<\/p>\n<p>El perfil de proyectos que se pueden presentar a esta convocatoria son: iniciativas emprendedoras o negocios creados en los &uacute;ltimos tres a&ntilde;os relacionados con la prevenci&oacute;n, mitigaci&oacute;n y correcci&oacute;n de los problemas originados a los sistemas naturales por las actividades humanas. No existe l&iacute;mite de edad para participar ni es preciso haber sido alumno de las universidades canarias. Aunque pueden inscribirse personas de todo el territorio espa&ntilde;ol los residentes en Canarias tendr&aacute;n prioridad en el proceso de selecci&oacute;n.<\/p>\n<p>En lo correspondiente a las empresas de acogida, pueden inscribirse empresas del sector &ldquo;verde&rdquo;, dedicadas al medioambiente y la ecolog&iacute;a, y empresas de cualquier otro sector de actividad, que quieran compartir sus conocimientos y experiencias con una nueva persona emprendedora y desempe&ntilde;ar un papel de mentor&iacute;a. Aunque la participaci&oacute;n est&aacute; abierta a cualquier organizaci&oacute;n del territorio europeo las empresas canarias tambi&eacute;n tendr&aacute;n preferencia en este apartado.<\/p>\n<p><strong>Reuni&oacute;n en Bruselas <\/strong><\/p>\n<p>Una delegaci&oacute;n t&eacute;cnica de la Fundaci&oacute;n asistir&aacute; a la&nbsp; 15&ordf; reuni&oacute;n de la Red de entidades intermediarias del proyecto <em>Erasmus para J&oacute;venes Emprendedores<\/em>, que se celebrar&aacute; en el centro de Conferencias Diamant de Bruselas del 9 al 11 de marzo. El encuentro est&aacute; organizado por la Oficina de Soporte de este programa de la Comisi&oacute;n Europea y se realiza con el fin de reunir a todas las organizaciones intermediarias que actualmente participan <em>Erasmus para J&oacute;venes Emprendedores<\/em>. Asistir&aacute;n representantes de las ocho organizaciones de Francia, Reino Unido, Italia, Ruman&iacute;a y Portugal que forman parte del consorcio que ha creado la Fundaci&oacute;n General de la ULL.<\/p>\n<p><strong><em>Erasmus Para J&oacute;venes Emprendedores<\/em><\/strong><\/p>\n<p>El proyecto est&aacute; liderado por la Fundaci&oacute;n General de la ULL, &uacute;nica entidad entre todas las regiones ultraperif&eacute;ricas que gestionar&aacute; el proyecto. Adem&aacute;s, tambi&eacute;n participan ocho organizaciones de cinco pa&iacute;ses, adem&aacute;s de Espa&ntilde;a: Reino Unido, Italia, Francia, Ruman&iacute;a y Portugal. De esta manera, gracias al mismo, cien personas con iniciativas emprendedoras podr&aacute;n beneficiarse de intercambios para adquirir las habilidades necesarias para crear y\/o dirigir con &eacute;xito una peque&ntilde;a o mediana empresa en Europa. Las personas beneficiarias ser&aacute;n de los seis pa&iacute;ses que forman parte del consorcio de EXAGE. En el &aacute;mbito nacional se dar&aacute; prioridad a los residentes en Canarias.<\/p>\n<p>La iniciativa consiste en la realizaci&oacute;n de una estancia en empresas por parte de nuevos emprendedores. Las empresas de acogida ser&aacute;n del mismo &aacute;mbito de trabajo y tendr&aacute;n que contar con una trayectoria y madurez suficientes. Durante este periodo, que oscila entre uno y seis meses, los emprendedores adquirir&aacute;n e intercambiar&aacute;n conocimientos e ideas de negocio. La estancia est&aacute; parcialmente subvencionada por la Comisi&oacute;n Europea a trav&eacute;s de una bolsa de ayuda mensual, que oscila entre seiscientos y mil euros mensuales, en funci&oacute;n del pa&iacute;s de acogida. Adem&aacute;s, el programa tambi&eacute;n incluye una ayuda para que las personas emprendedoras creen su plan de negocios.<\/p>\n<p>Con la ejecuci&oacute;n de este proyecto se espera que se generen redes de trabajo y contactos, algo especialmente importante para los territorios ultraperif&eacute;ricos, de forma que los negocios se puedan orientar a un desarrollo internacional en el marco de la Uni&oacute;n Europea. Los participantes conocer&aacute;n las muchas oportunidades que ofrece el Mercado &Uacute;nico y recibir&aacute;n ayuda para superar los obst&aacute;culos del mercado y el entorno empresarial. La Comisi&oacute;n Europea ya opera con <em>Erasmus para J&oacute;venes Emprendedores<\/em> en treinta y siete pa&iacute;ses con ayuda de los puntos de contacto locales, cuya labor es apoyar a las empresas (p. ej. c&aacute;maras de comercio, centros de apoyo a la iniciativa empresarial, viveros de empresas etc.). Sus actividades est&aacute;n coordinadas a nivel europeo por la Oficina de Apoyo del programa.<\/p>\n","protected":false},"excerpt":{"rendered":"<p>Las personas emprendedoras y las empresas que est&eacute;n interesadas en inscribirse en el proyecto ya pueden hacerlo a trav&eacute;s de su p&aacute;gina web. Esta iniciativa, que gestionar&aacute; m&aacute;s de 100 intercambios entre j&oacute;venes emprendedores y empresas consolidadas, est&aacute; liderada por la Fundaci&oacute;n General de la&nbsp; ULL.<\/p>\n","protected":false},"author":36,"featured_media":16103,"comment_status":"closed","ping_status":"open","sticky":false,"template":"","format":"standard","meta":{"footnotes":""},"categories":[3],"tags":[173,533,541,574,1353],"featured_image_thumbnail_url":"https:\/\/fg.ull.es\/hemeroteca\/wp-content\/uploads\/sites\/14\/2015\/04\/2752_dr_logo_erasmus_para_jovenes_emprendedores-300x180.jpg","_links":{"self":[{"href":"https:\/\/fg.ull.es\/hemeroteca\/wp-json\/wp\/v2\/posts\/16104"}],"collection":[{"href":"https:\/\/fg.ull.es\/hemeroteca\/wp-json\/wp\/v2\/posts"}],"about":[{"href":"https:\/\/fg.ull.es\/hemeroteca\/wp-json\/wp\/v2\/types\/post"}],"author":[{"embeddable":true,"href":"https:\/\/fg.ull.es\/hemeroteca\/wp-json\/wp\/v2\/users\/36"}],"replies":[{"embeddable":true,"href":"https:\/\/fg.ull.es\/hemeroteca\/wp-json\/wp\/v2\/comments?post=16104"}],"version-history":[{"count":0,"href":"https:\/\/fg.ull.es\/hemeroteca\/wp-json\/wp\/v2\/posts\/16104\/revisions"}],"wp:featuredmedia":[{"embeddable":true,"href":"https:\/\/fg.ull.es\/hemeroteca\/wp-json\/wp\/v2\/media\/16103"}],"wp:attachment":[{"href":"https:\/\/fg.ull.es\/hemeroteca\/wp-json\/wp\/v2\/media?parent=16104"}],"wp:term":[{"taxonomy":"category","embeddable":true,"href":"https:\/\/fg.ull.es\/hemeroteca\/wp-json\/wp\/v2\/categories?post=16104"},{"taxonomy":"post_tag","embeddable":true,"href":"https:\/\/fg.ull.es\/hemeroteca\/wp-json\/wp\/v2\/tags?post=16104"}],"curies":[{"name":"wp","href":"https:\/\/api.w.org\/{rel}","templated":true}]}}