{"id":16079,"date":"2015-03-02T18:06:43","date_gmt":"2015-03-02T18:06:43","guid":{"rendered":"http:\/\/www.fg.ull.es\/?p=16079"},"modified":"2015-03-02T18:06:43","modified_gmt":"2015-03-02T18:06:43","slug":"segundo-listado-definitivo-de-la-convocatoria-para-la-seleccion-de-becas-de-investigacion-con-cargo-a-evaluacion-de-escenarios-de-generacion-energetica-mediante-sistemas-eolicos-y-solares","status":"publish","type":"post","link":"https:\/\/fg.ull.es\/hemeroteca\/2015\/03\/02\/segundo-listado-definitivo-de-la-convocatoria-para-la-seleccion-de-becas-de-investigacion-con-cargo-a-evaluacion-de-escenarios-de-generacion-energetica-mediante-sistemas-eolicos-y-solares\/","title":{"rendered":"Segundo listado definitivo de la convocatoria para la selecci\u00f3n de becas de investigaci\u00f3n con cargo a &#039;Evaluaci\u00f3n de Escenarios de Generaci\u00f3n Energ\u00e9tica Mediante Sistemas E\u00f3licos y Solares&#039;"},"content":{"rendered":"<p style='text-align: justify'>Finalizado el periodo de alegaciones, se procede a publicar el segundo listado definitivo para la selecci&oacute;n de un\/a becario\/a de investigaci&oacute;n con cargo al proyecto <em>Evaluaci&oacute;n de Escenarios de Generaci&oacute;n Energ&eacute;tica Mediante Sistemas E&oacute;licos y Solares.&nbsp;<\/em><\/p>\n<p><\/p>\n<p style='text-align: justify'>Para la valoraci&oacute;n de todas y cada una de las candidaturas, y de los futuros procesos, se ha tomado como fundamento lo especificado en las&nbsp;<a href='..\/..\/public\/docs\/1675_pe_bases_generales_2.pdf'>bases generales aqu&iacute;<\/a>&nbsp;y las&nbsp;<a href='..\/..\/public\/docs\/1676_ss_bases_especificas_2.pdf'>bases espec&iacute;ficas aqu&iacute;.<\/a>&nbsp;<\/p>\n<p style='text-align: justify'>Puede ver el primer listado definitivo&nbsp;<a title='2&ordm; Listado Definitivo' href='..\/..\/public\/docs\/1747_b6_2_listado_definitivo.pdf' target='_blank' rel=\"noopener noreferrer\">aqu&iacute;<\/a>.&nbsp;<\/p>\n","protected":false},"excerpt":{"rendered":"<p style='text-align: justify'>Finalizado el periodo de alegaciones, se procede a publicar el segundo listado definitivo para la selecci&oacute;n de un\/a becario\/a de investigaci&oacute;n con cargo al proyecto <em>Evaluaci&oacute;n de Escenarios de Generaci&oacute;n Energ&eacute;tica Mediante Sistemas E&oacute;licos y Solares.&nbsp;<\/em><\/p>\n","protected":false},"author":36,"featured_media":0,"comment_status":"closed","ping_status":"open","sticky":false,"template":"","format":"standard","meta":{"footnotes":""},"categories":[8],"tags":[173,230,862],"featured_image_thumbnail_url":null,"_links":{"self":[{"href":"https:\/\/fg.ull.es\/hemeroteca\/wp-json\/wp\/v2\/posts\/16079"}],"collection":[{"href":"https:\/\/fg.ull.es\/hemeroteca\/wp-json\/wp\/v2\/posts"}],"about":[{"href":"https:\/\/fg.ull.es\/hemeroteca\/wp-json\/wp\/v2\/types\/post"}],"author":[{"embeddable":true,"href":"https:\/\/fg.ull.es\/hemeroteca\/wp-json\/wp\/v2\/users\/36"}],"replies":[{"embeddable":true,"href":"https:\/\/fg.ull.es\/hemeroteca\/wp-json\/wp\/v2\/comments?post=16079"}],"version-history":[{"count":0,"href":"https:\/\/fg.ull.es\/hemeroteca\/wp-json\/wp\/v2\/posts\/16079\/revisions"}],"wp:attachment":[{"href":"https:\/\/fg.ull.es\/hemeroteca\/wp-json\/wp\/v2\/media?parent=16079"}],"wp:term":[{"taxonomy":"category","embeddable":true,"href":"https:\/\/fg.ull.es\/hemeroteca\/wp-json\/wp\/v2\/categories?post=16079"},{"taxonomy":"post_tag","embeddable":true,"href":"https:\/\/fg.ull.es\/hemeroteca\/wp-json\/wp\/v2\/tags?post=16079"}],"curies":[{"name":"wp","href":"https:\/\/api.w.org\/{rel}","templated":true}]}}