{"id":16077,"date":"2015-03-02T16:39:49","date_gmt":"2015-03-02T16:39:49","guid":{"rendered":"http:\/\/www.fg.ull.es\/?p=16077"},"modified":"2015-03-02T16:39:49","modified_gmt":"2015-03-02T16:39:49","slug":"primer-listado-provisional-de-la-convocatoria-para-la-seleccion-de-una-beca-de-investigacion-con-cargo-al-proyecto-catedra-social-ciudadania-y-participacion-social","status":"publish","type":"post","link":"https:\/\/fg.ull.es\/hemeroteca\/2015\/03\/02\/primer-listado-provisional-de-la-convocatoria-para-la-seleccion-de-una-beca-de-investigacion-con-cargo-al-proyecto-catedra-social-ciudadania-y-participacion-social\/","title":{"rendered":"Primer listado provisional de la convocatoria para la selecci\u00f3n de una beca de investigaci\u00f3n con cargo al proyecto &#039;C\u00e1tedra Social &#039;Ciudadan\u00eda y Participaci\u00f3n Social&#039;&#039;"},"content":{"rendered":"<p>A continuaci&oacute;n se presenta el listado provisional de aceptados\/as y excluidos\/as en el proceso de selecci&oacute;n de becarios\/as para cubrir una plaza convocada de la beca de investigaci&oacute;n con cargo al proyecto <em>C&aacute;tedra Social &#8216;Ciudadan&iacute;a y Participaci&oacute;n Social.&nbsp;<\/em><\/p>\n<p><\/p>\n<p style='text-align: justify'>A partir de este momento, comienza el periodo de alegaciones que, en ning&uacute;n caso, ser&aacute; per&iacute;odo de subsanaci&oacute;n de documentaci&oacute;n. Finalizado &eacute;ste, el d&iacute;a 5 de marzo de 2015, y resueltas las alegaciones, se proceder&aacute; a publicar el primer listado definitivo.<\/p>\n<p style='text-align: justify'>Las alegaciones &uacute;nica y exclusivamente se podr&aacute;n presentar telem&aacute;ticamente al correo electr&oacute;nico seleccion@fg.ull.es y utilizando el siguiente documento normalizado: <a title='Alegaciones' href='..\/..\/public\/docs\/1743_yh_alegaciones.docx' target='_blank' rel=\"noopener noreferrer\">documento de alegaciones<\/a>.<\/p>\n<p style='text-align: justify'>Para la valoraci&oacute;n de todas y cada una de las candidaturas, y de los futuros procesos, se ha tomado\/tomar&aacute; como fundamento lo especificado en las bases generales y en el perfil singular.<\/p>\n<p style='text-align: justify'>Puede ver el listado provisional <a title='1er Listado prov' href='..\/..\/public\/docs\/1746_bo_1_listado_provisional.pdf' target='_blank' rel=\"noopener noreferrer\">aqu&iacute;<\/a>.<\/p>\n","protected":false},"excerpt":{"rendered":"<p>A continuaci&oacute;n se presenta el listado provisional de aceptados\/as y excluidos\/as en el proceso de selecci&oacute;n de becarios\/as para cubrir una plaza convocada de la beca de investigaci&oacute;n con cargo al proyecto <em>C&aacute;tedra Social &#8216;Ciudadan&iacute;a y Participaci&oacute;n Social.&nbsp;<\/em><\/p>\n","protected":false},"author":36,"featured_media":0,"comment_status":"closed","ping_status":"open","sticky":false,"template":"","format":"standard","meta":{"footnotes":""},"categories":[8],"tags":[173],"featured_image_thumbnail_url":null,"_links":{"self":[{"href":"https:\/\/fg.ull.es\/hemeroteca\/wp-json\/wp\/v2\/posts\/16077"}],"collection":[{"href":"https:\/\/fg.ull.es\/hemeroteca\/wp-json\/wp\/v2\/posts"}],"about":[{"href":"https:\/\/fg.ull.es\/hemeroteca\/wp-json\/wp\/v2\/types\/post"}],"author":[{"embeddable":true,"href":"https:\/\/fg.ull.es\/hemeroteca\/wp-json\/wp\/v2\/users\/36"}],"replies":[{"embeddable":true,"href":"https:\/\/fg.ull.es\/hemeroteca\/wp-json\/wp\/v2\/comments?post=16077"}],"version-history":[{"count":0,"href":"https:\/\/fg.ull.es\/hemeroteca\/wp-json\/wp\/v2\/posts\/16077\/revisions"}],"wp:attachment":[{"href":"https:\/\/fg.ull.es\/hemeroteca\/wp-json\/wp\/v2\/media?parent=16077"}],"wp:term":[{"taxonomy":"category","embeddable":true,"href":"https:\/\/fg.ull.es\/hemeroteca\/wp-json\/wp\/v2\/categories?post=16077"},{"taxonomy":"post_tag","embeddable":true,"href":"https:\/\/fg.ull.es\/hemeroteca\/wp-json\/wp\/v2\/tags?post=16077"}],"curies":[{"name":"wp","href":"https:\/\/api.w.org\/{rel}","templated":true}]}}