{"id":16034,"date":"2015-02-25T14:53:40","date_gmt":"2015-02-25T14:53:40","guid":{"rendered":"http:\/\/www.fg.ull.es\/?p=16034"},"modified":"2015-02-25T14:53:40","modified_gmt":"2015-02-25T14:53:40","slug":"aumenta-un-6-el-numero-de-estudiantes-con-interes-en-estudiar-ciencia-y-tecnologia","status":"publish","type":"post","link":"https:\/\/fg.ull.es\/hemeroteca\/2015\/02\/25\/aumenta-un-6-el-numero-de-estudiantes-con-interes-en-estudiar-ciencia-y-tecnologia\/","title":{"rendered":"Aumenta un 6% el n\u00famero de estudiantes con inter\u00e9s en estudiar ciencia y tecnolog\u00eda"},"content":{"rendered":"<p>Un estudio pionero de la Obra Social &#8216;La Caixa&#8217;, FECYT y la consultora everis demuestra el impacto de las acciones de divulgaci&oacute;n cient&iacute;fico-tecnol&oacute;gica en las escuelas para promover un conocimiento previo sobre los estudios y profesiones relacionadas con la ciencia y la tecnolog&iacute;a.<\/p>\n<p><\/p>\n<p>Seg&uacute;n el an&aacute;lisis realizado sobre la evaluaci&oacute;n del impacto de las acciones de divulgaci&oacute;n sobre las vocaciones relacionadas con la ciencia, matem&aacute;ticas, ingenier&iacute;a y tecnolog&iacute;a desarrollado por la Obra Social &#8216;La Caixa&#8217;, la FECYT y everis se ha producido un aumento del alumnado interesado en realizar sus estudios superiores y su desempe&ntilde;o profesional en estos &aacute;mbitos. La presentaci&oacute;n de este estudio tuvo lugar el pasado 4 de febrero de 2015 en Barcelona dentro de la Jornada titulada &iquest;C&oacute;mo estimular a los j&oacute;venes a estudiar ciencias? Llu&iacute;s Noguera, director de CosmoCaixa; Rosa Capeans de la Fundaci&oacute;n Espa&ntilde;ola para la Ciencia y la Tecnolog&iacute;a (FECYT); Sergio Marco y Roger Borr&agrave;s, representando a everis, fueron los encargados de presentar dicho estudio. Se ha desarrollado durante dos cursos escolares y ha contado con la participaci&oacute;n de m&aacute;s de 2500 estudiantes de la ESO en actividades promovidas por la FECYT y CosmoCaixa.<\/p>\n<p>Los datos m&aacute;s destacados han sido que tras participar en actividades de divulgaci&oacute;n se ha incrementado en un 6% el inter&eacute;s del colectivo estudiantil para realizar estudios STEM (por sus siglas en ingl&eacute;s: Science, Technology, Engineering and Mathematics). Afirman que estas actividades mejoran la autoeficacia del alumnado consiguiendo as&iacute; un mayor inter&eacute;s por estas materias, ayudando a que los j&oacute;venes visualicen las profesiones cient&iacute;ficas y tecnol&oacute;gicas como opciones de futuro satisfactorias.<\/p>\n<p>Tambi&eacute;n se ha se&ntilde;alado que estas acciones de divulgaci&oacute;n influyen m&aacute;s en el alumnado de menor nivel socioecon&oacute;mico ayudando as&iacute; a reducir la brecha social existente en la actualidad. Algunos de los datos m&aacute;s curiosos del estudio son que estas actividades llegan m&aacute;s a los chicos que a las chicas y tambi&eacute;n a los estudiantes con peor rendimiento acad&eacute;mico aumentando en estos un 12,8 % el grado de elecci&oacute;n por los estudios STEM.<\/p>\n<p><strong>Representaci&oacute;n canaria<\/strong><\/p>\n<p>En la Jornada titulada &iquest;C&oacute;mo estimular a los j&oacute;venes a estudiar ciencias?, celebrada en CosmoCaixa el pasado 4 de febrero participaron cinco iniciativas nacionales dirigidas a Fomentar las Vocaciones Cient&iacute;ficas entre los escolares, entre las cuales una es un proyecto canario de la Universidad de La Laguna.<\/p>\n<p>D&ntilde;a. Olga Gonz&aacute;lez Morales, directora del Secretariado de Orientaci&oacute;n Acad&eacute;mica e Inserci&oacute;n Profesional del Vicerrectorado de Alumnado de la Universidad de La Laguna (ULL) ha sido la encargada de presentar la experiencia del proyecto `Acciones para el fomento de las vocaciones cient&iacute;ficas y profesionales del alumnado de la isla de Tenerife&acute;. Dicho proyecto es una iniciativa del &Aacute;rea de Educaci&oacute;n, Juventud e Igualdad del Cabildo Insular de Tenerife, la Universidad de La Laguna y su Fundaci&oacute;n General, desarrollada a trav&eacute;s del Vicerrectorado de Alumnado y la Unidad de Cultura Cient&iacute;fica y de la Innovaci&oacute;n de la ULL, Cienci@ULL.&nbsp;<\/p>\n<p>Rutas cient&iacute;ficas, ponencias y exposiciones divulgativas, concursos, pr&aacute;cticas de laboratorio, charlas profesionales, Ferias, entre otras, han sido las actividades realizadas a trav&eacute;s de este proyecto. Fueron dirigidas al alumnado de secundaria y formaci&oacute;n profesional de los centros escolares de la isla de Tenerife.<\/p>\n<p>Destaca la realizaci&oacute;n de la &nbsp;&#8216;I Feria de Vocaciones Cient&iacute;ficas y Profesionales de Canarias&#8217; que tuvo lugar el pasado 16 y 17 de octubre de 2014 en el municipio de San Crist&oacute;bal de La Laguna. En ellas participaron m&aacute;s de 38 stands en los cuales diferentes centros de I&#043;D&#043;I de Canarias, a trav&eacute;s de talleres o exposiciones, mostraban a los j&oacute;venes la actividad de investigaci&oacute;n que realizan. Esta feria cont&oacute; con una asistencia de m&aacute;s de 1300 j&oacute;venes.<\/p>\n","protected":false},"excerpt":{"rendered":"<p>Un estudio pionero de la Obra Social &#8216;La Caixa&#8217;, FECYT y la consultora everis demuestra el impacto de las acciones de divulgaci&oacute;n cient&iacute;fico-tecnol&oacute;gica en las escuelas para promover un conocimiento previo sobre los estudios y profesiones relacionadas con la ciencia y la tecnolog&iacute;a.<\/p>\n","protected":false},"author":36,"featured_media":16033,"comment_status":"closed","ping_status":"open","sticky":false,"template":"","format":"standard","meta":{"footnotes":""},"categories":[8],"tags":[173,821,1424],"featured_image_thumbnail_url":"https:\/\/fg.ull.es\/hemeroteca\/wp-content\/uploads\/sites\/14\/2015\/04\/2734_y4_jornada_como_estimular_a_los_jovenes_a_estudiar_ciencias_876877117-300x169.jpg","_links":{"self":[{"href":"https:\/\/fg.ull.es\/hemeroteca\/wp-json\/wp\/v2\/posts\/16034"}],"collection":[{"href":"https:\/\/fg.ull.es\/hemeroteca\/wp-json\/wp\/v2\/posts"}],"about":[{"href":"https:\/\/fg.ull.es\/hemeroteca\/wp-json\/wp\/v2\/types\/post"}],"author":[{"embeddable":true,"href":"https:\/\/fg.ull.es\/hemeroteca\/wp-json\/wp\/v2\/users\/36"}],"replies":[{"embeddable":true,"href":"https:\/\/fg.ull.es\/hemeroteca\/wp-json\/wp\/v2\/comments?post=16034"}],"version-history":[{"count":0,"href":"https:\/\/fg.ull.es\/hemeroteca\/wp-json\/wp\/v2\/posts\/16034\/revisions"}],"wp:featuredmedia":[{"embeddable":true,"href":"https:\/\/fg.ull.es\/hemeroteca\/wp-json\/wp\/v2\/media\/16033"}],"wp:attachment":[{"href":"https:\/\/fg.ull.es\/hemeroteca\/wp-json\/wp\/v2\/media?parent=16034"}],"wp:term":[{"taxonomy":"category","embeddable":true,"href":"https:\/\/fg.ull.es\/hemeroteca\/wp-json\/wp\/v2\/categories?post=16034"},{"taxonomy":"post_tag","embeddable":true,"href":"https:\/\/fg.ull.es\/hemeroteca\/wp-json\/wp\/v2\/tags?post=16034"}],"curies":[{"name":"wp","href":"https:\/\/api.w.org\/{rel}","templated":true}]}}