{"id":15538,"date":"2014-12-26T12:58:56","date_gmt":"2014-12-26T12:58:56","guid":{"rendered":"http:\/\/www.fg.ull.es\/?p=15538"},"modified":"2014-12-26T12:58:56","modified_gmt":"2014-12-26T12:58:56","slug":"la-inscripcion-para-el-servicio-de-orientacion-laboral-itinera-permanecera-abierta-durante-el-periodo-navideno","status":"publish","type":"post","link":"https:\/\/fg.ull.es\/hemeroteca\/2014\/12\/26\/la-inscripcion-para-el-servicio-de-orientacion-laboral-itinera-permanecera-abierta-durante-el-periodo-navideno\/","title":{"rendered":"La inscripci\u00f3n para el servicio de orientaci\u00f3n laboral Itinera permanecer\u00e1 abierta durante el periodo navide\u00f1o"},"content":{"rendered":"<p>Aunque la Fundaci&oacute;n General cerrar&aacute; sus instalaciones entre el 29 de diciembre y el 7 de enero, la inscripci&oacute;n para el servicio de orientaci&oacute;n laboral podr&aacute; realizarse telem&aacute;ticamente para sus pr&oacute;ximas actividades que arrancar&aacute;n en enero en sus sedes de La Laguna y Adeje.<\/p>\n<p><\/p>\n<p>El servicio de orientaci&oacute;n laboral <em>Itinera <\/em>reiniciar&aacute; su actividad en el mes de enero con talleres espec&iacute;ficos para mejorar las habilidades y competencias para la b&uacute;squeda de empleo. Por ello, pese al cierre de las instalaciones de la Fundaci&oacute;n General de la ULL entre el 29 de diciembre y el 7 de enero, la inscripci&oacute;n para realizar las actividades que ofrece este servicio en sus dos sedes, La Laguna y Adeje, se mantendr&aacute; abierta. Para poder beneficiarse del mismo puede solicitar cita a trav&eacute;s de los siguientes enlaces:<\/p>\n<p><a href='https:\/\/sede.fg.ull.es\/es\/orientacion\/detalle\/a14040001\/solicitud-de-matricula-itinera-2014-la-laguna'>Solicitud de matr&iacute;cula Itinera La Laguna<\/a><\/p>\n<p><a href='https:\/\/sede.fg.ull.es\/es\/orientacion\/detalle\/a14040267\/solicitud-de-matricula-itinera-2014-adeje'>Solicitud de matr&iacute;cula Itinera Adeje<\/a><\/p>\n<p><em>Itinera<\/em> es un servicio gratuito que se encuentra enmarcado dentro del Plan Universitario de Empleo y est&aacute; cofinanciada por el Servicio Canario de Empleo del Gobierno de Canarias y el Fondo Social Europeo en un 85%. La gesti&oacute;n corre a cargo de la Fundaci&oacute;n General de la Universidad de La Laguna con la colaboraci&oacute;n de la Universidad de La Laguna, y tiene como objetivo general mejorar la empleabilidad formando en habilidades y competencias para la b&uacute;squeda de empleo.<\/p>\n<p><a href='..\/..\/es\/proyecto\/orientateull\/3\/3\/'>(M&aacute;s informaci&oacute;n y requisitos de acceso aqu&iacute;)<\/a><\/p>\n","protected":false},"excerpt":{"rendered":"<p>Aunque la Fundaci&oacute;n General cerrar&aacute; sus instalaciones entre el 29 de diciembre y el 7 de enero, la inscripci&oacute;n para el servicio de orientaci&oacute;n laboral podr&aacute; realizarse telem&aacute;ticamente para sus pr&oacute;ximas actividades que arrancar&aacute;n en enero en sus sedes de La Laguna y Adeje.<\/p>\n","protected":false},"author":36,"featured_media":15537,"comment_status":"closed","ping_status":"open","sticky":false,"template":"","format":"standard","meta":{"footnotes":""},"categories":[3],"tags":[173,872,1079,1353,1424],"featured_image_thumbnail_url":"https:\/\/fg.ull.es\/hemeroteca\/wp-content\/uploads\/sites\/14\/2015\/04\/2593_3n_pantalla_itinera-300x169.jpg","_links":{"self":[{"href":"https:\/\/fg.ull.es\/hemeroteca\/wp-json\/wp\/v2\/posts\/15538"}],"collection":[{"href":"https:\/\/fg.ull.es\/hemeroteca\/wp-json\/wp\/v2\/posts"}],"about":[{"href":"https:\/\/fg.ull.es\/hemeroteca\/wp-json\/wp\/v2\/types\/post"}],"author":[{"embeddable":true,"href":"https:\/\/fg.ull.es\/hemeroteca\/wp-json\/wp\/v2\/users\/36"}],"replies":[{"embeddable":true,"href":"https:\/\/fg.ull.es\/hemeroteca\/wp-json\/wp\/v2\/comments?post=15538"}],"version-history":[{"count":0,"href":"https:\/\/fg.ull.es\/hemeroteca\/wp-json\/wp\/v2\/posts\/15538\/revisions"}],"wp:featuredmedia":[{"embeddable":true,"href":"https:\/\/fg.ull.es\/hemeroteca\/wp-json\/wp\/v2\/media\/15537"}],"wp:attachment":[{"href":"https:\/\/fg.ull.es\/hemeroteca\/wp-json\/wp\/v2\/media?parent=15538"}],"wp:term":[{"taxonomy":"category","embeddable":true,"href":"https:\/\/fg.ull.es\/hemeroteca\/wp-json\/wp\/v2\/categories?post=15538"},{"taxonomy":"post_tag","embeddable":true,"href":"https:\/\/fg.ull.es\/hemeroteca\/wp-json\/wp\/v2\/tags?post=15538"}],"curies":[{"name":"wp","href":"https:\/\/api.w.org\/{rel}","templated":true}]}}