{"id":15343,"date":"2014-11-27T12:19:24","date_gmt":"2014-11-27T12:19:24","guid":{"rendered":"http:\/\/www.fg.ull.es\/?p=15343"},"modified":"2014-11-27T12:19:24","modified_gmt":"2014-11-27T12:19:24","slug":"la-cuarta-pildora-formativa-de-emprende-ull-reune-a-14-personas-interesadas-en-mejorar-el-diseno-de-un-establecimiento","status":"publish","type":"post","link":"https:\/\/fg.ull.es\/hemeroteca\/2014\/11\/27\/la-cuarta-pildora-formativa-de-emprende-ull-reune-a-14-personas-interesadas-en-mejorar-el-diseno-de-un-establecimiento\/","title":{"rendered":"La cuarta p\u00edldora formativa de Emprende.ull re\u00fane a 14 personas interesadas en mejorar el dise\u00f1o de un establecimiento"},"content":{"rendered":"<p>Esta cuarta sesi&oacute;n se celebr&oacute; ayer, mi&eacute;rcoles 26 de noviembre, en el aulario de la Fundaci&oacute;n General de la ULL y estuvo impartida por Abraham Guzm&aacute;n y Arturo Marrero, dos profesionales del mundo del dise&ntilde;o de la empresa Facotrii Producciones S.L.<\/p>\n<p><\/p>\n<p>La cuarta sesi&oacute;n del &ldquo;Ciclo de P&iacute;ldoras Formativas&rdquo; de la Unidad de Emprendimiento de la Fundaci&oacute;n General de la ULL cont&oacute; ayer, mi&eacute;rcoles 26 de noviembre, con la asistencia de 14 personas. Estuvo impartida por dos profesionales del mundo del dise&ntilde;o, Abraham Guzm&aacute;n y Arturo Marrero, de Facotrii Producciones S.L., que se encargaron de dar a los\/as potenciales emprendedores\/as asistentes las herramientas y conceptos necesarios para mejorar el dise&ntilde;o del punto de venta.<\/p>\n<p>Adem&aacute;s, aplicando t&eacute;cnicas de marketing, analizaron las zonas del establecimiento y explicaron c&oacute;mo orientarlas al cliente. Tambi&eacute;n expusieron conceptos como: puntos calientes y fr&iacute;os, colores, tipos de luces y distribuci&oacute;n del mobiliario. Con una metodolog&iacute;a eminentemente pr&aacute;ctica, los\/as asistentes finalizaron la sesi&oacute;n dise&ntilde;ando su propio local de negocios.<\/p>\n<p>La pr&oacute;xima p&iacute;ldora formativa se celebrar&aacute; el 10 de diciembre y estar&aacute; dedicada al mundo del crowfunding.<\/p>\n<p><a href='https:\/\/sede.fg.ull.es\/es\/emprendimiento\/detalle\/a14040230\/pildora-formativa-5-adentrate-en-el-mundo-del-crowdfunding'>(M&aacute;s informaci&oacute;n e inscripci&oacute;n para la pr&oacute;xima p&iacute;ldora aqu&iacute;)<\/a><\/p>\n","protected":false},"excerpt":{"rendered":"<p>Esta cuarta sesi&oacute;n se celebr&oacute; ayer, mi&eacute;rcoles 26 de noviembre, en el aulario de la Fundaci&oacute;n General de la ULL y estuvo impartida por Abraham Guzm&aacute;n y Arturo Marrero, dos profesionales del mundo del dise&ntilde;o de la empresa Facotrii Producciones S.L.<\/p>\n","protected":false},"author":36,"featured_media":15342,"comment_status":"closed","ping_status":"open","sticky":false,"template":"","format":"standard","meta":{"footnotes":""},"categories":[3],"tags":[173,533,541,672,1353,1424],"featured_image_thumbnail_url":"https:\/\/fg.ull.es\/hemeroteca\/wp-content\/uploads\/sites\/14\/2015\/04\/2530_vr_dsc_0006-300x179.jpg","_links":{"self":[{"href":"https:\/\/fg.ull.es\/hemeroteca\/wp-json\/wp\/v2\/posts\/15343"}],"collection":[{"href":"https:\/\/fg.ull.es\/hemeroteca\/wp-json\/wp\/v2\/posts"}],"about":[{"href":"https:\/\/fg.ull.es\/hemeroteca\/wp-json\/wp\/v2\/types\/post"}],"author":[{"embeddable":true,"href":"https:\/\/fg.ull.es\/hemeroteca\/wp-json\/wp\/v2\/users\/36"}],"replies":[{"embeddable":true,"href":"https:\/\/fg.ull.es\/hemeroteca\/wp-json\/wp\/v2\/comments?post=15343"}],"version-history":[{"count":0,"href":"https:\/\/fg.ull.es\/hemeroteca\/wp-json\/wp\/v2\/posts\/15343\/revisions"}],"wp:featuredmedia":[{"embeddable":true,"href":"https:\/\/fg.ull.es\/hemeroteca\/wp-json\/wp\/v2\/media\/15342"}],"wp:attachment":[{"href":"https:\/\/fg.ull.es\/hemeroteca\/wp-json\/wp\/v2\/media?parent=15343"}],"wp:term":[{"taxonomy":"category","embeddable":true,"href":"https:\/\/fg.ull.es\/hemeroteca\/wp-json\/wp\/v2\/categories?post=15343"},{"taxonomy":"post_tag","embeddable":true,"href":"https:\/\/fg.ull.es\/hemeroteca\/wp-json\/wp\/v2\/tags?post=15343"}],"curies":[{"name":"wp","href":"https:\/\/api.w.org\/{rel}","templated":true}]}}