{"id":14271,"date":"2014-06-25T14:56:13","date_gmt":"2014-06-25T14:56:13","guid":{"rendered":"http:\/\/www.fg.ull.es\/?p=14271"},"modified":"2014-06-25T14:56:13","modified_gmt":"2014-06-25T14:56:13","slug":"el-area-de-empleo-de-la-fundacion-abre-el-periodo-de-matricula-del-servicio-de-orientacion-laboral-orientate-ull-para-verano","status":"publish","type":"post","link":"https:\/\/fg.ull.es\/hemeroteca\/2014\/06\/25\/el-area-de-empleo-de-la-fundacion-abre-el-periodo-de-matricula-del-servicio-de-orientacion-laboral-orientate-ull-para-verano\/","title":{"rendered":"El \u00c1rea de Empleo de la Fundaci\u00f3n abre el periodo de matr\u00edcula del Servicio de Orientaci\u00f3n Laboral &#039;Ori\u00e9ntate.ull&#039; para verano"},"content":{"rendered":"<p style='text-align: justify'>El servicio gestionado a trav&eacute;s del programa ITINERA, ofrece asesoramiento para la b&uacute;squeda activa de empleo a personas desempleadas<\/p>\n<p><\/p>\n<p style='text-align: justify'>El <strong>Servicio de Orientaci&oacute;n Laboral<\/strong> del &Aacute;rea de <strong>Empleo <\/strong>de la Fundaci&oacute;n General continuar&aacute; ofreciendo asesoramiento a personas desempleadas para la b&uacute;squeda de empleo durante el verano a trav&eacute;s de su <strong>Programa<\/strong> <strong>ITINERA<\/strong>.<\/p>\n<p style='text-align: justify'>El objetivo principal de &#8216;Ori&eacute;ntate.ull&#8217; es el de facilitar las habilidades y herramientas imprescindibles para la b&uacute;squeda activa de empleo a las personas participantes, as&iacute; como el fomento de la inserci&oacute;n laboral de las personas desempleadas a trav&eacute;s de la mejora de su empleabilidad.<\/p>\n<p style='text-align: justify'>La primera fase del programa consiste en una entrevista personal para evaluar el nivel de empleabilidad con el fin de derivar, en caso necesario, a los talleres pr&aacute;cticos en los que se trabajar&aacute; c&oacute;mo enfrentarse a una entrevista laboral, como elaborar un cv y una carta de presentaci&oacute;n, como superar las distintas pruebas de un proceso de selecci&oacute;n y como definir un objetivo laboral.<\/p>\n<p style='text-align: justify'>Las personas interesadas podr&aacute;n realizar la inscripci&oacute;n, de car&aacute;cter totalmente gratuito, para alguna de las sesiones del servicio programadas para el mes de julio, consultar los requisitos y solicitar cita a trav&eacute;s del siguiente <a href='..\/..\/es\/proyecto\/servicio_de_orientacion_laboral\/3\/'>enlace<\/a>.&nbsp;<\/p>\n","protected":false},"excerpt":{"rendered":"<p style='text-align: justify'>El servicio gestionado a trav&eacute;s del programa ITINERA, ofrece asesoramiento para la b&uacute;squeda activa de empleo a personas desempleadas<\/p>\n","protected":false},"author":36,"featured_media":14270,"comment_status":"closed","ping_status":"open","sticky":false,"template":"","format":"standard","meta":{"footnotes":""},"categories":[3],"tags":[173,518,671,672,1079,1353],"featured_image_thumbnail_url":"https:\/\/fg.ull.es\/hemeroteca\/wp-content\/uploads\/sites\/14\/2015\/04\/2221_pv_taller_28_4-300x201.jpg","_links":{"self":[{"href":"https:\/\/fg.ull.es\/hemeroteca\/wp-json\/wp\/v2\/posts\/14271"}],"collection":[{"href":"https:\/\/fg.ull.es\/hemeroteca\/wp-json\/wp\/v2\/posts"}],"about":[{"href":"https:\/\/fg.ull.es\/hemeroteca\/wp-json\/wp\/v2\/types\/post"}],"author":[{"embeddable":true,"href":"https:\/\/fg.ull.es\/hemeroteca\/wp-json\/wp\/v2\/users\/36"}],"replies":[{"embeddable":true,"href":"https:\/\/fg.ull.es\/hemeroteca\/wp-json\/wp\/v2\/comments?post=14271"}],"version-history":[{"count":0,"href":"https:\/\/fg.ull.es\/hemeroteca\/wp-json\/wp\/v2\/posts\/14271\/revisions"}],"wp:featuredmedia":[{"embeddable":true,"href":"https:\/\/fg.ull.es\/hemeroteca\/wp-json\/wp\/v2\/media\/14270"}],"wp:attachment":[{"href":"https:\/\/fg.ull.es\/hemeroteca\/wp-json\/wp\/v2\/media?parent=14271"}],"wp:term":[{"taxonomy":"category","embeddable":true,"href":"https:\/\/fg.ull.es\/hemeroteca\/wp-json\/wp\/v2\/categories?post=14271"},{"taxonomy":"post_tag","embeddable":true,"href":"https:\/\/fg.ull.es\/hemeroteca\/wp-json\/wp\/v2\/tags?post=14271"}],"curies":[{"name":"wp","href":"https:\/\/api.w.org\/{rel}","templated":true}]}}