{"id":14225,"date":"2014-06-20T11:50:26","date_gmt":"2014-06-20T11:50:26","guid":{"rendered":"http:\/\/www.fg.ull.es\/?p=14225"},"modified":"2014-06-20T11:50:26","modified_gmt":"2014-06-20T11:50:26","slug":"la-exposicion-sobre-fabricacion-digital-movefab-estara-durante-todo-el-dia-de-hoy-en-la-feria-tecnotegueste","status":"publish","type":"post","link":"https:\/\/fg.ull.es\/hemeroteca\/2014\/06\/20\/la-exposicion-sobre-fabricacion-digital-movefab-estara-durante-todo-el-dia-de-hoy-en-la-feria-tecnotegueste\/","title":{"rendered":"La exposici\u00f3n sobre fabricaci\u00f3n digital MoveFab estar\u00e1 durante todo el d\u00eda de hoy en la Feria TecnoTegueste"},"content":{"rendered":"<p><strong>&nbsp;<\/strong>La Sala de Exposiciones del Ayuntamiento acoge esta muestra interactiva en la que los visitantes podr&aacute;n manipular diferentes dispositivos relacionados con la creaci&oacute;n digital y la impresi&oacute;n 3D.<\/p>\n<p>&nbsp;<\/p>\n<p><\/p>\n<p>El Programa piloto de Fomento de la Creatividad y el Talento a trav&eacute;s de la Fabricaci&oacute;n digital Move Fab tomar&aacute; parte en la feria tecnol&oacute;gica TecnoTegueste pudi&eacute;ndose visitar durante todo el d&iacute;a de hoy [viernes 20 de junio] en la Sala de Exposiciones del Ayuntamiento. Adem&aacute;s, el profesor de la ULL Jos&eacute; Luis Saor&iacute;n, implicado en este proyecto, &nbsp;impartir&aacute; una charla sobre Impresoras 3D de bajo coste para la tercera revoluci&oacute;n industrial. &nbsp;La charla se realizar&aacute; en el Teatro Pr&iacute;ncipe Felipe de 13 a 14 horas.<\/p>\n<p><em>MoveFab <\/em>est&aacute; desarrollado por&nbsp; la Fundaci&oacute;n General de la Universidad de La Laguna con la financiaci&oacute;n del &Aacute;rea de Educaci&oacute;n, Juventud e Igualdad del Cabildo de Tenerife y tiene como objetivo explicar de manera f&aacute;cil y entretenida los principales aspectos de la fabricaci&oacute;n digital a trav&eacute;s de impresoras 3D, fomentando as&iacute;a las habilidades creativas de sus participantes.<\/p>\n<p>&nbsp;<\/p>\n","protected":false},"excerpt":{"rendered":"<p><strong>&nbsp;<\/strong>La Sala de Exposiciones del Ayuntamiento acoge esta muestra interactiva en la que los visitantes podr&aacute;n manipular diferentes dispositivos relacionados con la creaci&oacute;n digital y la impresi&oacute;n 3D.<\/p>\n<p>&nbsp;<\/p>\n","protected":false},"author":36,"featured_media":14224,"comment_status":"closed","ping_status":"open","sticky":false,"template":"","format":"standard","meta":{"footnotes":""},"categories":[8],"tags":[173,821,1424],"featured_image_thumbnail_url":"https:\/\/fg.ull.es\/hemeroteca\/wp-content\/uploads\/sites\/14\/2015\/04\/2205_vf_tegueste-300x212.jpg","_links":{"self":[{"href":"https:\/\/fg.ull.es\/hemeroteca\/wp-json\/wp\/v2\/posts\/14225"}],"collection":[{"href":"https:\/\/fg.ull.es\/hemeroteca\/wp-json\/wp\/v2\/posts"}],"about":[{"href":"https:\/\/fg.ull.es\/hemeroteca\/wp-json\/wp\/v2\/types\/post"}],"author":[{"embeddable":true,"href":"https:\/\/fg.ull.es\/hemeroteca\/wp-json\/wp\/v2\/users\/36"}],"replies":[{"embeddable":true,"href":"https:\/\/fg.ull.es\/hemeroteca\/wp-json\/wp\/v2\/comments?post=14225"}],"version-history":[{"count":0,"href":"https:\/\/fg.ull.es\/hemeroteca\/wp-json\/wp\/v2\/posts\/14225\/revisions"}],"wp:featuredmedia":[{"embeddable":true,"href":"https:\/\/fg.ull.es\/hemeroteca\/wp-json\/wp\/v2\/media\/14224"}],"wp:attachment":[{"href":"https:\/\/fg.ull.es\/hemeroteca\/wp-json\/wp\/v2\/media?parent=14225"}],"wp:term":[{"taxonomy":"category","embeddable":true,"href":"https:\/\/fg.ull.es\/hemeroteca\/wp-json\/wp\/v2\/categories?post=14225"},{"taxonomy":"post_tag","embeddable":true,"href":"https:\/\/fg.ull.es\/hemeroteca\/wp-json\/wp\/v2\/tags?post=14225"}],"curies":[{"name":"wp","href":"https:\/\/api.w.org\/{rel}","templated":true}]}}