{"id":14219,"date":"2014-06-19T15:21:56","date_gmt":"2014-06-19T15:21:56","guid":{"rendered":"http:\/\/www.fg.ull.es\/?p=14219"},"modified":"2014-06-19T15:21:56","modified_gmt":"2014-06-19T15:21:56","slug":"la-feria-tecnotegueste-acogera-manana-la-exposicion-movefab","status":"publish","type":"post","link":"https:\/\/fg.ull.es\/hemeroteca\/2014\/06\/19\/la-feria-tecnotegueste-acogera-manana-la-exposicion-movefab\/","title":{"rendered":"La Feria TecnoTegueste acoger\u00e1 ma\u00f1ana la exposici\u00f3n MoveFab"},"content":{"rendered":"<p>El Programa piloto de Fomento de la Creatividad y el Talento a trav&eacute;s de la Fabricaci&oacute;n digital se podr&aacute; visitar en la Sala de Exposiciones del Ayuntamiento. Grupos de estudiantes de secundaria pasar&aacute;n por la muestra y recibir&aacute;n talleres de modelado 3D digital y el profesor de la ULL Jos&eacute; Luis Saor&iacute;n impartir&aacute; una charla sobre Impresoras 3D de bajo coste para la tercera revoluci&oacute;n industrial.<\/p>\n<p><\/p>\n<p style='text-align: justify'>Tras su paso por el municipio de Los Realejos , el Programa piloto <em>de Fomento de la Creatividad y el Talento a trav&eacute;s de la Fabricaci&oacute;n digital<\/em>, conocido por <em><a href='..\/..\/movefab\/'>MoveFab<\/a><\/em> llega a Tegueste para tomar parte en la<a href='http:\/\/tecnotegueste2014.esy.es\/'> Feria Tecnol&oacute;gica TecnoTegueste<\/a>&nbsp;que tendr&aacute; lugar durante todo el viernes 20 de junio. Las person interesadas podr&aacute;n visitarla en la Sala de Exposiciones del Ayuntamiento.<\/p>\n<p style='text-align: justify'>Adem&aacute;s, se han organizado muestras con estudiantes y una charla impartida por el profesor de la Universidad de La Laguna, Jose Luis Saor&iacute;n bajo el t&iacute;tulo `Impresoras 3D de bajo coste para la tercera revoluci&oacute;n industrial&acute;. La charla se realizar&aacute; en el Teatro Pr&iacute;ncipe Felipe de 13 a 14 horas.<\/p>\n<p style='text-align: justify'><em><a href='..\/..\/movefab\/'>MoveFab<\/a> <\/em>est&aacute; desarrollado por&nbsp; la Fundaci&oacute;n General de la Universidad de La Laguna con la financiaci&oacute;n del &Aacute;rea de Educaci&oacute;n, Juventud e Igualdad del Cabildo de Tenerife y tiene como objetivo explicar de manera f&aacute;cil y entretenida los principales aspectos de la fabricaci&oacute;n digital a trav&eacute;s de impresoras 3D, fomentando as&iacute;a las habilidades creativas de sus participantes.<\/p>\n<p>&nbsp;<\/p>\n","protected":false},"excerpt":{"rendered":"<p>El Programa piloto de Fomento de la Creatividad y el Talento a trav&eacute;s de la Fabricaci&oacute;n digital se podr&aacute; visitar en la Sala de Exposiciones del Ayuntamiento. Grupos de estudiantes de secundaria pasar&aacute;n por la muestra y recibir&aacute;n talleres de modelado 3D digital y el profesor de la ULL Jos&eacute; Luis Saor&iacute;n impartir&aacute; una charla sobre Impresoras 3D de bajo coste para la tercera revoluci&oacute;n industrial.<\/p>\n","protected":false},"author":36,"featured_media":14218,"comment_status":"closed","ping_status":"open","sticky":false,"template":"","format":"standard","meta":{"footnotes":""},"categories":[8],"tags":[173],"featured_image_thumbnail_url":"https:\/\/fg.ull.es\/hemeroteca\/wp-content\/uploads\/sites\/14\/2015\/04\/2202_96_tegueste-300x212.jpg","_links":{"self":[{"href":"https:\/\/fg.ull.es\/hemeroteca\/wp-json\/wp\/v2\/posts\/14219"}],"collection":[{"href":"https:\/\/fg.ull.es\/hemeroteca\/wp-json\/wp\/v2\/posts"}],"about":[{"href":"https:\/\/fg.ull.es\/hemeroteca\/wp-json\/wp\/v2\/types\/post"}],"author":[{"embeddable":true,"href":"https:\/\/fg.ull.es\/hemeroteca\/wp-json\/wp\/v2\/users\/36"}],"replies":[{"embeddable":true,"href":"https:\/\/fg.ull.es\/hemeroteca\/wp-json\/wp\/v2\/comments?post=14219"}],"version-history":[{"count":0,"href":"https:\/\/fg.ull.es\/hemeroteca\/wp-json\/wp\/v2\/posts\/14219\/revisions"}],"wp:featuredmedia":[{"embeddable":true,"href":"https:\/\/fg.ull.es\/hemeroteca\/wp-json\/wp\/v2\/media\/14218"}],"wp:attachment":[{"href":"https:\/\/fg.ull.es\/hemeroteca\/wp-json\/wp\/v2\/media?parent=14219"}],"wp:term":[{"taxonomy":"category","embeddable":true,"href":"https:\/\/fg.ull.es\/hemeroteca\/wp-json\/wp\/v2\/categories?post=14219"},{"taxonomy":"post_tag","embeddable":true,"href":"https:\/\/fg.ull.es\/hemeroteca\/wp-json\/wp\/v2\/tags?post=14219"}],"curies":[{"name":"wp","href":"https:\/\/api.w.org\/{rel}","templated":true}]}}