{"id":14180,"date":"2014-06-16T16:13:00","date_gmt":"2014-06-16T16:13:00","guid":{"rendered":"http:\/\/www.fg.ull.es\/?p=14180"},"modified":"2014-06-16T16:13:00","modified_gmt":"2014-06-16T16:13:00","slug":"celebrada-la-primera-sesion-formativa-dirigida-a-personal-tecnico-e-investigador-de-la-ull-sobre-el-programa-europeo-de-financiacion-horizonte-2020","status":"publish","type":"post","link":"https:\/\/fg.ull.es\/hemeroteca\/2014\/06\/16\/celebrada-la-primera-sesion-formativa-dirigida-a-personal-tecnico-e-investigador-de-la-ull-sobre-el-programa-europeo-de-financiacion-horizonte-2020\/","title":{"rendered":"Celebrada la primera sesi\u00f3n formativa dirigida a personal t\u00e9cnico e investigador de la ULL sobre el programa europeo de financiaci\u00f3n Horizonte 2020"},"content":{"rendered":"<p style='text-align: justify'>Mediante esta formaci&oacute;n los participantes pudieron recibir y conocer de primera mano el nuevo programa europeo de financiaci&oacute;n de la Investigaci&oacute;n, Desarrollo e innovaci&oacute;n, el Horizonte 2020. Este nuevo programa supone una v&iacute;a de financiaci&oacute;n para las universidades y centros de investigaci&oacute;n, entre otros.<\/p>\n<p>&nbsp;<\/p>\n<p>&nbsp;<\/p>\n<p><\/p>\n<p style='text-align: justify'>Treinta personas, investigadores y profesores de la Universidad de La Laguna as&iacute; como personal t&eacute;cnico de su Fundaci&oacute;n General, asistieron hoy [16 de junio] a la primera sesi&oacute;n formativa sobre el programa Horizonte 2020. La formaci&oacute;n tuvo lugar en el Aulario de la Fundaci&oacute;n General de la Universidad de La Laguna.<\/p>\n<p style='text-align: justify'>En la misma, los participantes pudieron familiarizarse con las nuevas normas de participaci&oacute;n y los criterios de aprobaci&oacute;n, introduciendo el nuevo mapa de oportunidades de financiaci&oacute;n en los proyectos de investigaci&oacute;n. Igualmente pudieron conocer las exigencias y condiciones para la presentaci&oacute;n de propuestas dentro de este nuevo programa Horizonte 2020 y se puso a su disposici&oacute;n informaci&oacute;n pr&aacute;ctica sobre su implementaci&oacute;n.<\/p>\n<p style='text-align: justify'>Es una actividad en colaboraci&oacute;n con la Red CIDE.<\/p>\n<p>&nbsp;<\/p>\n","protected":false},"excerpt":{"rendered":"<p style='text-align: justify'>Mediante esta formaci&oacute;n los participantes pudieron recibir y conocer de primera mano el nuevo programa europeo de financiaci&oacute;n de la Investigaci&oacute;n, Desarrollo e innovaci&oacute;n, el Horizonte 2020. Este nuevo programa supone una v&iacute;a de financiaci&oacute;n para las universidades y centros de investigaci&oacute;n, entre otros.<\/p>\n<p>&nbsp;<\/p>\n<p>&nbsp;<\/p>\n","protected":false},"author":36,"featured_media":14179,"comment_status":"closed","ping_status":"open","sticky":false,"template":"","format":"standard","meta":{"footnotes":""},"categories":[8],"tags":[173,657,762,862],"featured_image_thumbnail_url":"https:\/\/fg.ull.es\/hemeroteca\/wp-content\/uploads\/sites\/14\/2015\/04\/2188_x9_dsc_0174-300x201.jpg","_links":{"self":[{"href":"https:\/\/fg.ull.es\/hemeroteca\/wp-json\/wp\/v2\/posts\/14180"}],"collection":[{"href":"https:\/\/fg.ull.es\/hemeroteca\/wp-json\/wp\/v2\/posts"}],"about":[{"href":"https:\/\/fg.ull.es\/hemeroteca\/wp-json\/wp\/v2\/types\/post"}],"author":[{"embeddable":true,"href":"https:\/\/fg.ull.es\/hemeroteca\/wp-json\/wp\/v2\/users\/36"}],"replies":[{"embeddable":true,"href":"https:\/\/fg.ull.es\/hemeroteca\/wp-json\/wp\/v2\/comments?post=14180"}],"version-history":[{"count":0,"href":"https:\/\/fg.ull.es\/hemeroteca\/wp-json\/wp\/v2\/posts\/14180\/revisions"}],"wp:featuredmedia":[{"embeddable":true,"href":"https:\/\/fg.ull.es\/hemeroteca\/wp-json\/wp\/v2\/media\/14179"}],"wp:attachment":[{"href":"https:\/\/fg.ull.es\/hemeroteca\/wp-json\/wp\/v2\/media?parent=14180"}],"wp:term":[{"taxonomy":"category","embeddable":true,"href":"https:\/\/fg.ull.es\/hemeroteca\/wp-json\/wp\/v2\/categories?post=14180"},{"taxonomy":"post_tag","embeddable":true,"href":"https:\/\/fg.ull.es\/hemeroteca\/wp-json\/wp\/v2\/tags?post=14180"}],"curies":[{"name":"wp","href":"https:\/\/api.w.org\/{rel}","templated":true}]}}