{"id":14165,"date":"2014-06-16T10:12:58","date_gmt":"2014-06-16T10:12:58","guid":{"rendered":"http:\/\/www.fg.ull.es\/?p=14165"},"modified":"2014-06-16T10:12:58","modified_gmt":"2014-06-16T10:12:58","slug":"cuarenta-y-cinco-estudiantes-de-ensenanza-secundaria-participaran-en-el-i-campus-cientifico-de-la-ull","status":"publish","type":"post","link":"https:\/\/fg.ull.es\/hemeroteca\/2014\/06\/16\/cuarenta-y-cinco-estudiantes-de-ensenanza-secundaria-participaran-en-el-i-campus-cientifico-de-la-ull\/","title":{"rendered":"Cuarenta y cinco estudiantes de ense\u00f1anza secundaria participar\u00e1n en el I Campus Cient\u00edfico de la ULL"},"content":{"rendered":"<p>Los j&oacute;venes aprender&aacute;n diferentes t&eacute;cnicas de investigaci&oacute;n cient&iacute;fica de mano de los propios investigadores de la Universidad y participar&aacute;n en la realizaci&oacute;n de un proyecto de investigaci&oacute;n.&nbsp;El Campus, para el que se recibieron 210 inscripciones, se desarrollar&aacute; desde el 30 de junio hasta el 25 de julio.<\/p>\n<p><\/p>\n<p style='text-align: justify'>El pr&oacute;ximo <strong>30 de junio<\/strong> dar&aacute; comienzo el primer<strong> Campus Cient&iacute;fico de la Universidad de La Laguna <em>Ciencia@ULL<\/em><\/strong>, con el eje cient&iacute;fico de <em>Biomedicina y Salud<\/em>. En esta iniciativa educativa participar&aacute;n cuarenta y cinco j&oacute;venes de 3&ordm; y 4&ordm; de la ESO durante su per&iacute;odo de vacaciones escolares. Los chicos y chicas se dividir&aacute;n en tres grupos de quince integrantes, uno por cada eje cient&iacute;fico: <em>Biomedicina y Salud<\/em>; <em>Ciencia y Tecnolog&iacute;a<\/em> e <em>Investigaci&oacute;n en Ciencias Sociales y Humanidades.<\/em><\/p>\n<p style='text-align: justify'>El Campus se plantea como una forma de despertar la curiosidad por la ciencia y de fomentar las vocaciones cient&iacute;ficas en los j&oacute;venes de Canarias, mostrando de primera mano la actividad investigadora que se realiza en los diferentes departamentos e institutos universitarios de la Universidad de La Laguna y de otros Centros de Investigaci&oacute;n de la Isla como el Instituto Astrof&iacute;sico de Canarias, el Instituto de Productos Naturales y Agro-biolog&iacute;a-CSIC o el Instituto Tecnol&oacute;gico y Energ&iacute;a Renovables, entre otros. Esta actividad ser&aacute; desarrollada por la Unidad de Cultura Cient&iacute;fica y de la Innovaci&oacute;n de La Universidad de La Laguna, CIENCIA@ULL, con la colaboraci&oacute;n de la comunidad universitaria.<\/p>\n<p style='text-align: justify'>En esta primera edici&oacute;n se han inscrito un total de doscientos diez chicos y chicas, de los cuales cuarenta Y cinco pasar&aacute;n dos semanas entre los laboratorios de la universidad aprendiendo a realizar por ellos mismos un proyecto de investigaci&oacute;n. Adem&aacute;s, los j&oacute;venes mejorar&aacute;n sus conocimientos en las diferentes disciplinas que se tocar&aacute;n en el Campus y mejorar&aacute;n el dominio del ingl&eacute;s. Se espera igualmente que la experiencia les sirva para que puedan elegir con m&aacute;s seguridad cu&aacute;l ser&aacute; su salida laboral y hacia d&oacute;nde quieren orientar sus futuros estudios.<\/p>\n<p style='text-align: justify'>Los j&oacute;venes participar&aacute;n en proyectos de investigaci&oacute;n reales y realizar&aacute;n diferentes actividades cient&iacute;fico-culturales como: visitas a otros centros de I D, ponencias cient&iacute;ficas, perfeccionamiento de idiomas, conocimiento y uso del equipamiento cient&iacute;fico, etc.<\/p>\n<p style='text-align: justify'>La acci&oacute;n principal del Campus ser&aacute; la participaci&oacute;n en un proyecto de investigaci&oacute;n por un grupo de cinco alumnos\/as bajo la supervisi&oacute;n de un grupo de investigaci&oacute;n. Finalmente, el resultado se expondr&aacute; ante el resto de compa&ntilde;eros.<\/p>\n<p style='text-align: justify'>&nbsp;<\/p>\n<p style='text-align: justify'>&nbsp;<\/p>\n","protected":false},"excerpt":{"rendered":"<p>Los j&oacute;venes aprender&aacute;n diferentes t&eacute;cnicas de investigaci&oacute;n cient&iacute;fica de mano de los propios investigadores de la Universidad y participar&aacute;n en la realizaci&oacute;n de un proyecto de investigaci&oacute;n.&nbsp;El Campus, para el que se recibieron 210 inscripciones, se desarrollar&aacute; desde el 30 de junio hasta el 25 de julio.<\/p>\n","protected":false},"author":36,"featured_media":14164,"comment_status":"closed","ping_status":"open","sticky":false,"template":"","format":"standard","meta":{"footnotes":""},"categories":[8],"tags":[173,1192,1353,1424],"featured_image_thumbnail_url":"https:\/\/fg.ull.es\/hemeroteca\/wp-content\/uploads\/sites\/14\/2015\/04\/2181_ip_proyecto_vocaciones_cientificas_1-300x225.jpg","_links":{"self":[{"href":"https:\/\/fg.ull.es\/hemeroteca\/wp-json\/wp\/v2\/posts\/14165"}],"collection":[{"href":"https:\/\/fg.ull.es\/hemeroteca\/wp-json\/wp\/v2\/posts"}],"about":[{"href":"https:\/\/fg.ull.es\/hemeroteca\/wp-json\/wp\/v2\/types\/post"}],"author":[{"embeddable":true,"href":"https:\/\/fg.ull.es\/hemeroteca\/wp-json\/wp\/v2\/users\/36"}],"replies":[{"embeddable":true,"href":"https:\/\/fg.ull.es\/hemeroteca\/wp-json\/wp\/v2\/comments?post=14165"}],"version-history":[{"count":0,"href":"https:\/\/fg.ull.es\/hemeroteca\/wp-json\/wp\/v2\/posts\/14165\/revisions"}],"wp:featuredmedia":[{"embeddable":true,"href":"https:\/\/fg.ull.es\/hemeroteca\/wp-json\/wp\/v2\/media\/14164"}],"wp:attachment":[{"href":"https:\/\/fg.ull.es\/hemeroteca\/wp-json\/wp\/v2\/media?parent=14165"}],"wp:term":[{"taxonomy":"category","embeddable":true,"href":"https:\/\/fg.ull.es\/hemeroteca\/wp-json\/wp\/v2\/categories?post=14165"},{"taxonomy":"post_tag","embeddable":true,"href":"https:\/\/fg.ull.es\/hemeroteca\/wp-json\/wp\/v2\/tags?post=14165"}],"curies":[{"name":"wp","href":"https:\/\/api.w.org\/{rel}","templated":true}]}}