{"id":14141,"date":"2014-06-12T15:05:45","date_gmt":"2014-06-12T15:05:45","guid":{"rendered":"http:\/\/www.fg.ull.es\/?p=14141"},"modified":"2014-06-12T15:05:45","modified_gmt":"2014-06-12T15:05:45","slug":"ninos-y-ninas-representantes-de-los-novecientos-escolares-participantes-en-ensenar-para-emprender-hacen-una-liquidacion-de-sus-cooperativas-para-cerrar-el-proyecto","status":"publish","type":"post","link":"https:\/\/fg.ull.es\/hemeroteca\/2014\/06\/12\/ninos-y-ninas-representantes-de-los-novecientos-escolares-participantes-en-ensenar-para-emprender-hacen-una-liquidacion-de-sus-cooperativas-para-cerrar-el-proyecto\/","title":{"rendered":"Ni\u00f1os y ni\u00f1as representantes de los novecientos escolares participantes en &#039;Ense\u00f1ar Para Emprender&#039; hacen una &#039;liquidaci\u00f3n&#039; de sus cooperativas para cerrar el proyecto"},"content":{"rendered":"<p>Los ni&ntilde;os expusieron su vivencia en el proyecto e hicieron un resumen de los resultados de sus cooperativas. El acto de clausura tuvo lugar en el Cabildo Insular con la presencia del presidente Carlos Alonso, el rector de la ULL, Eduardo Dom&eacute;nech y Rita Mesa, representante de la Consejer&iacute;a de Educaci&oacute;n del Gobierno de Canarias, quienes felictaron encarecidamente a los escolares y mostraron su confianza en la continuidad de esta inicitaiva.&nbsp;<\/p>\n<p><\/p>\n<p style='text-align: justify'>El proyecto educativo <em>Ense&ntilde;ar Para Emprender<\/em> (EPE) conclu&iacute;a oficialmente hoy, jueves 12, con un acto desarrollado en el Cabildo Insular. Se dieron cita ochenta y cinco alumnos de diez centros escolares cuyas cooperativas participaron en el mismo. Los ni&ntilde;os, de entre 10 y 12 a&ntilde;os, presentaron los resultados de sus cooperativas y dieron sus impresiones sobre su participaci&oacute;n en el proyecto. Este acto simb&oacute;lico se enmarc&oacute; bajo el nombre `liquida y comparte&acute; ya que los ni&ntilde;os mostraron su <em>balance de cuentas<\/em> tras la Feria de Cooperativas Escolares y explicaron a qu&eacute; ONG o proyecto social iban a destinar una parte de sus beneficios. Adem&aacute;s, se hizo la presentaci&oacute;n p&uacute;blica de un v&iacute;deo resumen del proyecto.<\/p>\n<p style='text-align: justify'>El grupo que se acerc&oacute; al Cabildo representa a los casi 1000 alumnos que formaron parte en el proceso educativo de <em>Ense&ntilde;ar Para Emprender<\/em> que concluy&oacute; el pasado 22 de mayo con la Feria de Cooperativas Escolares, que se desarroll&oacute; en la Plaza de El Cristo en La Laguna. All&iacute; cada cooperativa mostr&oacute; su trabajo al p&uacute;blico que se acerc&oacute; y que colabor&oacute; llev&aacute;ndose los diferentes productos elaborados por los ni&ntilde;os.<\/p>\n<p style='text-align: justify'>Durante el acto, Isidro Quintana, gerente de la empresa de videojuegos Promineo Estudios,&nbsp; se dirigi&oacute; a los ni&ntilde;os para transmitirles sus vivencias como emprendedor y entreg&oacute; un premio al `Mejor Personaje de Videojuego&acute;, fruto de un reto que se propuso a algunas de las cooperativas. El ganador fue Guillermo David Mosqueda Bacallado, alumno del CEIP Monta&ntilde;a Pacho.<\/p>\n<p style='text-align: justify'>Tanto el presidente del Cabildo, como el rector de la ULL como la representante del Servicio de Innovaci&oacute;n de la Direcci&oacute;n General de Ordenaci&oacute;n e Innovaci&oacute;n Educativa de la Consejer&iacute;a de Educaci&oacute;n del Gobierno de Canarias se dirigieron a los ni&ntilde;os para felicitarles por su trabajo y mostrar su confianza en la continuidad de este proyecto.<\/p>\n<p style='text-align: justify'>Para rematar la jornada los ni&ntilde;os se trasladaron al Museo de la Naturaleza y el Hombre donde se les ofreci&oacute; un desayuno para despu&eacute;s realizar un recorrido guiado por las instalaciones del mismo.<\/p>\n<p style='text-align: justify'>EPE es un proyecto gestionado por la Fundaci&oacute;n General de la Universidad de La Laguna y que este a&ntilde;o ha contado con la financiaci&oacute;n del Ayuntamiento de La Laguna y del Cabildo Insular. Consiste en la simulaci&oacute;n de la creaci&oacute;n de empresas cooperativas, realizando todo el recorrido necesario: desde la conceptualizaci&oacute;n del negocio, b&uacute;squeda de financiaci&oacute;n y tramitaci&oacute;n administrativa siempre desde un punto de vista l&uacute;dico y divertido para ellos. En todo momento se busca la implicaci&oacute;n de sus familias, con lo que el proceso es muy enriquecedor para todos los agentes implicados.<\/p>\n","protected":false},"excerpt":{"rendered":"<p>Los ni&ntilde;os expusieron su vivencia en el proyecto e hicieron un resumen de los resultados de sus cooperativas. El acto de clausura tuvo lugar en el Cabildo Insular con la presencia del presidente Carlos Alonso, el rector de la ULL, Eduardo Dom&eacute;nech y Rita Mesa, representante de la Consejer&iacute;a de Educaci&oacute;n del Gobierno de Canarias, quienes felictaron encarecidamente a los escolares y mostraron su confianza en la continuidad de esta inicitaiva.&nbsp;<\/p>\n","protected":false},"author":36,"featured_media":14140,"comment_status":"closed","ping_status":"open","sticky":false,"template":"","format":"standard","meta":{"footnotes":""},"categories":[3],"tags":[173],"featured_image_thumbnail_url":"https:\/\/fg.ull.es\/hemeroteca\/wp-content\/uploads\/sites\/14\/2015\/04\/2173_uz_liquida_y_comparte_06-300x199.jpg","_links":{"self":[{"href":"https:\/\/fg.ull.es\/hemeroteca\/wp-json\/wp\/v2\/posts\/14141"}],"collection":[{"href":"https:\/\/fg.ull.es\/hemeroteca\/wp-json\/wp\/v2\/posts"}],"about":[{"href":"https:\/\/fg.ull.es\/hemeroteca\/wp-json\/wp\/v2\/types\/post"}],"author":[{"embeddable":true,"href":"https:\/\/fg.ull.es\/hemeroteca\/wp-json\/wp\/v2\/users\/36"}],"replies":[{"embeddable":true,"href":"https:\/\/fg.ull.es\/hemeroteca\/wp-json\/wp\/v2\/comments?post=14141"}],"version-history":[{"count":0,"href":"https:\/\/fg.ull.es\/hemeroteca\/wp-json\/wp\/v2\/posts\/14141\/revisions"}],"wp:featuredmedia":[{"embeddable":true,"href":"https:\/\/fg.ull.es\/hemeroteca\/wp-json\/wp\/v2\/media\/14140"}],"wp:attachment":[{"href":"https:\/\/fg.ull.es\/hemeroteca\/wp-json\/wp\/v2\/media?parent=14141"}],"wp:term":[{"taxonomy":"category","embeddable":true,"href":"https:\/\/fg.ull.es\/hemeroteca\/wp-json\/wp\/v2\/categories?post=14141"},{"taxonomy":"post_tag","embeddable":true,"href":"https:\/\/fg.ull.es\/hemeroteca\/wp-json\/wp\/v2\/tags?post=14141"}],"curies":[{"name":"wp","href":"https:\/\/api.w.org\/{rel}","templated":true}]}}