{"id":14138,"date":"2014-06-11T13:11:48","date_gmt":"2014-06-11T13:11:48","guid":{"rendered":"http:\/\/www.fg.ull.es\/?p=14138"},"modified":"2014-06-11T13:11:48","modified_gmt":"2014-06-11T13:11:48","slug":"el-proyecto-ensenar-para-emprender-tendra-su-broche-final-manana-en-el-cabildo-insular","status":"publish","type":"post","link":"https:\/\/fg.ull.es\/hemeroteca\/2014\/06\/11\/el-proyecto-ensenar-para-emprender-tendra-su-broche-final-manana-en-el-cabildo-insular\/","title":{"rendered":"El proyecto &#039;Ense\u00f1ar Para Emprender&#039; tendr\u00e1 su broche final ma\u00f1ana en el Cabildo Insular"},"content":{"rendered":"<p>Ochenta y cinco ni&ntilde;os y ni&ntilde;as de diez de las cooperativas escolares participantes en esta edici&oacute;n del proyecto representar&aacute;n a todos los escolares participantes ma&ntilde;ana en el Sal&oacute;n Noble del Cabildo para hacer una &#8216;liquidaci&oacute;n de cuentas&#8217; simb&oacute;lica y explicara qu&eacute; proyectos sociales se destina lo recaudado en la Feria de Cooperativas Escolares.&nbsp;<\/p>\n<p><\/p>\n<p style='text-align: justify'>El presidente del Cabildo Insular de Tenerife, Carlos Alonso, recibir&aacute; ma&ntilde;ana a un grupo de ochenta y cinco ni&ntilde;os y ni&ntilde;as provenientes de diez centros escolares cuyas cooperativas participaron este a&ntilde;o en el proyecto &#8216;Ense&ntilde;ar Para Emprender&#8217;. Este grupo forma parte de los novecientos estudiantes de primaria que llevan todo el a&ntilde;o participando en este proyecto que culminaba el pasado 22 de mayo con la Feria de Cooperativas Escolares. All&iacute; cada cooperativa escolar mostr&oacute; su trabajo al p&uacute;blico que se acerc&oacute; a la lagunera Plaza de El Cristo y que colabor&oacute; llev&aacute;ndose los diferentes productos elaborados por los ni&ntilde;os.<\/p>\n<p style='text-align: justify'>En el acto de ma&ntilde;ana los escolares realizar&aacute;n una `liquidaci&oacute;n de cuentas&acute;simb&oacute;lica y adem&aacute;s expondr&aacute;n a qu&eacute; organizaciones de car&aacute;cter social han decidido entregar una parte de lo obtenido en la Feria. Adem&aacute;s, el presidente del Cabildo charlar&aacute; con los ni&ntilde;os y ni&ntilde;as y se visionar&aacute; un video resumen del proyecto.<\/p>\n<p style='text-align: justify'>EPE es un proyecto gestionado por la Fundaci&oacute;n General de la Universidad de La Laguna que consiste en la simulaci&oacute;n de la creaci&oacute;n de empresas cooperativas, realizando todo el recorrido necesario: desde la conceptualizaci&oacute;n del negocio, b&uacute;squeda de financiaci&oacute;n y tramitaci&oacute;n administrativa siempre desde un punto de vista l&uacute;dico y divertido para ellos. Todo este itinerario se plantea desde el fomento de valores como el trabajo en equipo, la solidaridad o la igualdad. Adem&aacute;s, en todo momento se busca la implicaci&oacute;n de sus familias, con lo que el proceso es muy enriquecedor para todos los agentes implicados.<\/p>\n","protected":false},"excerpt":{"rendered":"<p>Ochenta y cinco ni&ntilde;os y ni&ntilde;as de diez de las cooperativas escolares participantes en esta edici&oacute;n del proyecto representar&aacute;n a todos los escolares participantes ma&ntilde;ana en el Sal&oacute;n Noble del Cabildo para hacer una &#8216;liquidaci&oacute;n de cuentas&#8217; simb&oacute;lica y explicara qu&eacute; proyectos sociales se destina lo recaudado en la Feria de Cooperativas Escolares.&nbsp;<\/p>\n","protected":false},"author":36,"featured_media":14137,"comment_status":"closed","ping_status":"open","sticky":false,"template":"","format":"standard","meta":{"footnotes":""},"categories":[3],"tags":[173],"featured_image_thumbnail_url":"https:\/\/fg.ull.es\/hemeroteca\/wp-content\/uploads\/sites\/14\/2015\/04\/2172_rj_epe_ninos_1-300x201.jpg","_links":{"self":[{"href":"https:\/\/fg.ull.es\/hemeroteca\/wp-json\/wp\/v2\/posts\/14138"}],"collection":[{"href":"https:\/\/fg.ull.es\/hemeroteca\/wp-json\/wp\/v2\/posts"}],"about":[{"href":"https:\/\/fg.ull.es\/hemeroteca\/wp-json\/wp\/v2\/types\/post"}],"author":[{"embeddable":true,"href":"https:\/\/fg.ull.es\/hemeroteca\/wp-json\/wp\/v2\/users\/36"}],"replies":[{"embeddable":true,"href":"https:\/\/fg.ull.es\/hemeroteca\/wp-json\/wp\/v2\/comments?post=14138"}],"version-history":[{"count":0,"href":"https:\/\/fg.ull.es\/hemeroteca\/wp-json\/wp\/v2\/posts\/14138\/revisions"}],"wp:featuredmedia":[{"embeddable":true,"href":"https:\/\/fg.ull.es\/hemeroteca\/wp-json\/wp\/v2\/media\/14137"}],"wp:attachment":[{"href":"https:\/\/fg.ull.es\/hemeroteca\/wp-json\/wp\/v2\/media?parent=14138"}],"wp:term":[{"taxonomy":"category","embeddable":true,"href":"https:\/\/fg.ull.es\/hemeroteca\/wp-json\/wp\/v2\/categories?post=14138"},{"taxonomy":"post_tag","embeddable":true,"href":"https:\/\/fg.ull.es\/hemeroteca\/wp-json\/wp\/v2\/tags?post=14138"}],"curies":[{"name":"wp","href":"https:\/\/api.w.org\/{rel}","templated":true}]}}