{"id":14135,"date":"2014-06-11T12:12:37","date_gmt":"2014-06-11T12:12:37","guid":{"rendered":"http:\/\/www.fg.ull.es\/?p=14135"},"modified":"2014-06-11T12:12:37","modified_gmt":"2014-06-11T12:12:37","slug":"la-exposicion-sobre-fabricacion-digital-movefab-pasara-la-proxima-semana-por-los-realejos-y-tegueste","status":"publish","type":"post","link":"https:\/\/fg.ull.es\/hemeroteca\/2014\/06\/11\/la-exposicion-sobre-fabricacion-digital-movefab-pasara-la-proxima-semana-por-los-realejos-y-tegueste\/","title":{"rendered":"La exposici\u00f3n sobre fabricaci\u00f3n digital MoveFab pasar\u00e1 la pr\u00f3xima semana por Los Realejos y Tegueste"},"content":{"rendered":"<p>El Programa piloto de Fomento de la creatividad y el talento a trav&eacute;s de la Fabricaci&oacute;n digital, denominado MoveFab inicia su recorrido por la isla llegando en primer lugar al municipio norte&ntilde;o de Los Realejos para pasar despu&eacute;s a Tegueste.<\/p>\n<p><\/p>\n<p>Esta muestra expositiva se presentaba al p&uacute;blico el pasado 8 de mayo en el Foro de Innovaci&oacute;n e Inversi&oacute;n de Canarias, fi2, celebrado en el Tenerife Espacio de las Artes en Santa Cruz de Tenerife. <a href='..\/..\/movefab\/'>MoveFab<\/a> aterrizar&aacute; en la <a href='http:\/\/losrealejos.es\/servicios-municipales\/cultura\/'>Casa de la Cultura de Los Realejos<\/a> entre el pr&oacute;ximo <strong>martes 17 de junio y el jueves 19<\/strong>. Tanto el martes 17 como el mi&eacute;rcoles 18 las personas interesadas podr&aacute;n visitar la exposici&oacute;n entre las 17 y las 20 horas.&nbsp;<\/p>\n<p>El viernes<strong>&nbsp;20 de junio<\/strong> <a href='..\/..\/movefab\/'>Move Fab<\/a> se traslada a Tegueste para tomar parte en la I Feria Tecnol&oacute;gica que celebra este municipio, <a href='http:\/\/tecnotegueste2014.esy.es\/'>TecnoTegueste<\/a>. La muestra se podr&aacute; visitar en la Sala de Exposiciones del Ayuntamiento.<\/p>\n<p>Adem&aacute;s, en ambos casos, se han organizado visitas con estudiantes que tambi&eacute;n participar&aacute;n en un taller de creaci&oacute;n de objetos mediante programas de modelado 3D.<\/p>\n<p>MoveFab est&aacute; desarrollado por&nbsp; la Fundaci&oacute;n General de la Universidad de La Laguna con la financiaci&oacute;n del &Aacute;rea de Educaci&oacute;n, Juventud e Igualdad del Cabildo de Tenerife y tiene como objetivo explicar de manera f&aacute;cil y entretenida los principales aspectos de la fabricaci&oacute;n digital a trav&eacute;s de impresoras 3D, fomentando as&iacute;a las habilidades creativas de sus participantes.<\/p>\n<p>&nbsp;<\/p>\n","protected":false},"excerpt":{"rendered":"<p>El Programa piloto de Fomento de la creatividad y el talento a trav&eacute;s de la Fabricaci&oacute;n digital, denominado MoveFab inicia su recorrido por la isla llegando en primer lugar al municipio norte&ntilde;o de Los Realejos para pasar despu&eacute;s a Tegueste.<\/p>\n","protected":false},"author":36,"featured_media":14134,"comment_status":"closed","ping_status":"open","sticky":false,"template":"","format":"standard","meta":{"footnotes":""},"categories":[8],"tags":[173,821,1192],"featured_image_thumbnail_url":"https:\/\/fg.ull.es\/hemeroteca\/wp-content\/uploads\/sites\/14\/2015\/04\/2171_o6_pantalla_1280x720px-300x169.jpg","_links":{"self":[{"href":"https:\/\/fg.ull.es\/hemeroteca\/wp-json\/wp\/v2\/posts\/14135"}],"collection":[{"href":"https:\/\/fg.ull.es\/hemeroteca\/wp-json\/wp\/v2\/posts"}],"about":[{"href":"https:\/\/fg.ull.es\/hemeroteca\/wp-json\/wp\/v2\/types\/post"}],"author":[{"embeddable":true,"href":"https:\/\/fg.ull.es\/hemeroteca\/wp-json\/wp\/v2\/users\/36"}],"replies":[{"embeddable":true,"href":"https:\/\/fg.ull.es\/hemeroteca\/wp-json\/wp\/v2\/comments?post=14135"}],"version-history":[{"count":0,"href":"https:\/\/fg.ull.es\/hemeroteca\/wp-json\/wp\/v2\/posts\/14135\/revisions"}],"wp:featuredmedia":[{"embeddable":true,"href":"https:\/\/fg.ull.es\/hemeroteca\/wp-json\/wp\/v2\/media\/14134"}],"wp:attachment":[{"href":"https:\/\/fg.ull.es\/hemeroteca\/wp-json\/wp\/v2\/media?parent=14135"}],"wp:term":[{"taxonomy":"category","embeddable":true,"href":"https:\/\/fg.ull.es\/hemeroteca\/wp-json\/wp\/v2\/categories?post=14135"},{"taxonomy":"post_tag","embeddable":true,"href":"https:\/\/fg.ull.es\/hemeroteca\/wp-json\/wp\/v2\/tags?post=14135"}],"curies":[{"name":"wp","href":"https:\/\/api.w.org\/{rel}","templated":true}]}}