{"id":14123,"date":"2014-06-10T10:47:47","date_gmt":"2014-06-10T10:47:47","guid":{"rendered":"http:\/\/www.fg.ull.es\/?p=14123"},"modified":"2014-06-10T10:47:47","modified_gmt":"2014-06-10T10:47:47","slug":"la-palma-dara-a-conocer-los-resultados-del-proyecto-de-formacion-empresarial-escuela-de-emprendedores-el-proximo-12-de-junio","status":"publish","type":"post","link":"https:\/\/fg.ull.es\/hemeroteca\/2014\/06\/10\/la-palma-dara-a-conocer-los-resultados-del-proyecto-de-formacion-empresarial-escuela-de-emprendedores-el-proximo-12-de-junio\/","title":{"rendered":"La Palma dar\u00e1 a conocer los resultados del proyecto de formaci\u00f3n empresarial &#039;Escuela de Emprendedores&#039; el pr\u00f3ximo 12 de junio"},"content":{"rendered":"<p style='text-align: left'>Los participantes en este programa formativo presentar&aacute;n sus resultados en un Foro que premiar&aacute; las ideas empresariales m&aacute;s originales y con mayor viabilidad.<\/p>\n<p><\/p>\n<p style='text-align: justify'>La Casa Salazar en Santa Cruz de La Palma acoger&aacute; el primer <strong>Foro de Presentaci&oacute;n de Proyectos Empresariales del programa formativo Emprende.La Palma<\/strong> el pr&oacute;ximo <strong>jueves 12 de junio<\/strong>. El Cabildo de La Palma, en colaboraci&oacute;n con ADER La Palma, ha apostado por este modelo de impulso al emprendimiento que combina la formaci&oacute;n con la ejecuci&oacute;n pr&aacute;ctica de proyectos empresariales y que se viene desarrollando con &eacute;xito en la Universidad de La Laguna durante los &uacute;ltimos seis a&ntilde;os. El programa, englobado bajo la denominaci&oacute;n Taller de Iniciativas Empresariales, ha sido conducido por la unidad de apoyo al emprendimiento de la Fundaci&oacute;n General de la ULL y se enmarca en la Escuela de Emprendedores de La Palma.<\/p>\n<p style='text-align: justify'>Tras diez sesiones formativas y numerosas tutor&iacute;as que se vienen llevando a cabo desde el pasado mes de febrero los diez participantes mostrar&aacute;n sus ideas empresariales en un Foro p&uacute;blico en el que, adem&aacute;s, se premiar&aacute;n los proyectos m&aacute;s innovadores y con una mayor viabilidad comercial.<\/p>\n<p style='text-align: justify'>Los proyectos que concurren a este primer foro van desde el cultivo de diversos productos agr&iacute;colas poco comunes en la isla de La Palma hasta un espacio gastron&oacute;mico con cursos de cocina original y divertida para turistas y residentes de La Palma.<\/p>\n<p style='text-align: justify'>Los premios consistir&aacute;n en aportaciones de empresas y entidades patrocinadoras con el objeto de&nbsp; apoyar a los emprendedores asesorados en la Escuela de Emprendedores de La Palma y reconocer los mejores proyectos.<\/p>\n<p style='text-align: justify'>En esta edici&oacute;n se ha contado con el patrocinio de InfoIsla, Atecresa, ContaNet, Isla Asesores Consulting S.L, Pl&aacute;tanoL&oacute;gico, Apartamentos El Cerrito, Emprendoteca, Mabel Joyeros y Consultor&iacute;a Contable S.L y la colaboraci&oacute;n de La Canela Coworking.<\/p>\n<p style='text-align: justify'>Consulta las<a href='..\/..\/public\/docs\/1279_le_bases_premios_foro_presentacion_proyectos_2014_v5.pdf'> bases de los premios aqu&iacute;.<\/a>&nbsp;<\/p>\n<p style='text-align: justify'>&nbsp;<\/p>\n","protected":false},"excerpt":{"rendered":"<p style='text-align: left'>Los participantes en este programa formativo presentar&aacute;n sus resultados en un Foro que premiar&aacute; las ideas empresariales m&aacute;s originales y con mayor viabilidad.<\/p>\n","protected":false},"author":36,"featured_media":14122,"comment_status":"closed","ping_status":"open","sticky":false,"template":"","format":"standard","meta":{"footnotes":""},"categories":[3],"tags":[173,541,548,821],"featured_image_thumbnail_url":"https:\/\/fg.ull.es\/hemeroteca\/wp-content\/uploads\/sites\/14\/2015\/04\/2166_gh_escuelaemprendedores-300x115.jpg","_links":{"self":[{"href":"https:\/\/fg.ull.es\/hemeroteca\/wp-json\/wp\/v2\/posts\/14123"}],"collection":[{"href":"https:\/\/fg.ull.es\/hemeroteca\/wp-json\/wp\/v2\/posts"}],"about":[{"href":"https:\/\/fg.ull.es\/hemeroteca\/wp-json\/wp\/v2\/types\/post"}],"author":[{"embeddable":true,"href":"https:\/\/fg.ull.es\/hemeroteca\/wp-json\/wp\/v2\/users\/36"}],"replies":[{"embeddable":true,"href":"https:\/\/fg.ull.es\/hemeroteca\/wp-json\/wp\/v2\/comments?post=14123"}],"version-history":[{"count":0,"href":"https:\/\/fg.ull.es\/hemeroteca\/wp-json\/wp\/v2\/posts\/14123\/revisions"}],"wp:featuredmedia":[{"embeddable":true,"href":"https:\/\/fg.ull.es\/hemeroteca\/wp-json\/wp\/v2\/media\/14122"}],"wp:attachment":[{"href":"https:\/\/fg.ull.es\/hemeroteca\/wp-json\/wp\/v2\/media?parent=14123"}],"wp:term":[{"taxonomy":"category","embeddable":true,"href":"https:\/\/fg.ull.es\/hemeroteca\/wp-json\/wp\/v2\/categories?post=14123"},{"taxonomy":"post_tag","embeddable":true,"href":"https:\/\/fg.ull.es\/hemeroteca\/wp-json\/wp\/v2\/tags?post=14123"}],"curies":[{"name":"wp","href":"https:\/\/api.w.org\/{rel}","templated":true}]}}