{"id":14114,"date":"2014-06-10T10:22:01","date_gmt":"2014-06-10T10:22:01","guid":{"rendered":"http:\/\/www.fg.ull.es\/?p=14114"},"modified":"2014-06-10T10:22:01","modified_gmt":"2014-06-10T10:22:01","slug":"ultima-semana-de-matricula-para-los-cursos-intensivos-para-jovenes-del-servicio-de-idiomas-de-la-ull","status":"publish","type":"post","link":"https:\/\/fg.ull.es\/hemeroteca\/2014\/06\/10\/ultima-semana-de-matricula-para-los-cursos-intensivos-para-jovenes-del-servicio-de-idiomas-de-la-ull\/","title":{"rendered":"\u00daltima semana de matr\u00edcula para los cursos intensivos para j\u00f3venes del Servicio de Idiomas de la ULL"},"content":{"rendered":"<p style='text-align: justify'>La actividad formativa, dirigida a j&oacute;venes de entre 13 y 17 a&ntilde;os, cerrar&aacute; su plazo de preinscripci&oacute;n el pr&oacute;ximo 18 de junio. Se ofertan cursos de alem&aacute;n, ingl&eacute;s y franc&eacute;s.<\/p>\n<p><\/p>\n<p style='text-align: justify'>El Servicio de Idiomas de la Universidad de La Laguna agota su &uacute;ltima semana de matr&iacute;cula para los cursos intensivos para j&oacute;venes que tendr&aacute;n lugar desde el d&iacute;a 23 de junio al 31 de julio de 2014. El per&iacute;odo de preinscripci&oacute;n estar&aacute; abierto hasta el pr&oacute;ximo 18 de junio, fecha hasta la cual los padres de las personas interesadas podr&aacute;n rellenar el siguiente <a href='https:\/\/sede.fg.ull.es\/adolescentesverano14\/es\/Inscripcion\/Add'>formulario online<\/a>.<\/p>\n<p style='text-align: justify'>Las actividades formativas, de 50 horas presenciales de duraci&oacute;n, se impartir&aacute;n en horario de ma&ntilde;ana y tarde de lunes a jueves en el aulario de la Fundaci&oacute;n General y el precio de cada curso ser&aacute; de 225 euros para el p&uacute;blico en general.<\/p>\n<p style='text-align: justify'>La relaci&oacute;n de cursos es la siguiente:<\/p>\n<ul>\n<li><a href='https:\/\/sede.fg.ull.es\/es\/idioma\/detalle\/a14050287\/aleman-aleman-para-adolescentes-a1-1'><strong>Alem&aacute;n A1.1<\/strong><\/a><\/li>\n<li><a href='https:\/\/sede.fg.ull.es\/es\/idioma\/detalle\/a14050289\/frances-frances-para-adolescentes-a1-1'><strong>Franc&eacute;s A1.1<\/strong><\/a><\/li>\n<li><strong><a style='font-weight: bold' href='https:\/\/sede.fg.ull.es\/es\/idioma\/detalle\/a14050288\/ingles-ingles-para-adolescentes-a2-2'><strong>Ingl&eacute;s A2.2<\/strong><\/a>: <\/strong>se requieren conocimientos previos del idioma A2.1. En el caso de no poder certificarlo, tendr&aacute;n que hacer una prueba de nivel, la cual podr&aacute;n encontrar en el siguiente <a href='..\/..\/es\/noticia\/el_servicio_de_idiomas_de_la_ull_ofrecera_este_verano_cursos_intensivos_para_jovenes\/2000\/fg.ull.es\/A14050245'>enlace<\/a>.<\/li>\n<li><strong><a style='font-weight: bold' href='https:\/\/sede.fg.ull.es\/es\/idioma\/detalle\/a14050290\/ingles-ingles-para-adolescentes-b1-1'><strong>Ingl&eacute;s B1.1<\/strong><\/a>: <\/strong>se requieren conocimientos previos del idioma B1.1. En el caso de no poder certificarlo, tendr&aacute;n que hacer una prueba de nivel, la cual podr&aacute;n encontrar en el siguiente <a href='..\/..\/es\/noticia\/el_servicio_de_idiomas_de_la_ull_ofrecera_este_verano_cursos_intensivos_para_jovenes\/2000\/fg.ull.es\/A14050245'>enlace<\/a>.<\/li>\n<\/ul>\n<p style='text-align: justify'>M&aacute;s informaci&oacute;n y matr&iacute;cula en la secretar&iacute;a de la Fundaci&oacute;n General o haciendo clic encima de los nombres de cada cuso.<\/p>\n","protected":false},"excerpt":{"rendered":"<p style='text-align: justify'>La actividad formativa, dirigida a j&oacute;venes de entre 13 y 17 a&ntilde;os, cerrar&aacute; su plazo de preinscripci&oacute;n el pr&oacute;ximo 18 de junio. Se ofertan cursos de alem&aacute;n, ingl&eacute;s y franc&eacute;s.<\/p>\n","protected":false},"author":36,"featured_media":14113,"comment_status":"closed","ping_status":"open","sticky":false,"template":"","format":"standard","meta":{"footnotes":""},"categories":[5],"tags":[173,425,672,780,1286],"featured_image_thumbnail_url":"https:\/\/fg.ull.es\/hemeroteca\/wp-content\/uploads\/sites\/14\/2015\/04\/2165_tu_pantalla_1280x720adolescentespx-300x169.jpg","_links":{"self":[{"href":"https:\/\/fg.ull.es\/hemeroteca\/wp-json\/wp\/v2\/posts\/14114"}],"collection":[{"href":"https:\/\/fg.ull.es\/hemeroteca\/wp-json\/wp\/v2\/posts"}],"about":[{"href":"https:\/\/fg.ull.es\/hemeroteca\/wp-json\/wp\/v2\/types\/post"}],"author":[{"embeddable":true,"href":"https:\/\/fg.ull.es\/hemeroteca\/wp-json\/wp\/v2\/users\/36"}],"replies":[{"embeddable":true,"href":"https:\/\/fg.ull.es\/hemeroteca\/wp-json\/wp\/v2\/comments?post=14114"}],"version-history":[{"count":0,"href":"https:\/\/fg.ull.es\/hemeroteca\/wp-json\/wp\/v2\/posts\/14114\/revisions"}],"wp:featuredmedia":[{"embeddable":true,"href":"https:\/\/fg.ull.es\/hemeroteca\/wp-json\/wp\/v2\/media\/14113"}],"wp:attachment":[{"href":"https:\/\/fg.ull.es\/hemeroteca\/wp-json\/wp\/v2\/media?parent=14114"}],"wp:term":[{"taxonomy":"category","embeddable":true,"href":"https:\/\/fg.ull.es\/hemeroteca\/wp-json\/wp\/v2\/categories?post=14114"},{"taxonomy":"post_tag","embeddable":true,"href":"https:\/\/fg.ull.es\/hemeroteca\/wp-json\/wp\/v2\/tags?post=14114"}],"curies":[{"name":"wp","href":"https:\/\/api.w.org\/{rel}","templated":true}]}}