{"id":14103,"date":"2014-06-09T14:23:33","date_gmt":"2014-06-09T14:23:33","guid":{"rendered":"http:\/\/www.fg.ull.es\/?p=14103"},"modified":"2014-06-09T14:23:33","modified_gmt":"2014-06-09T14:23:33","slug":"segundo-listado-definitivo-de-la-convocatoria-de-una-beca-formativa-de-investigacion-con-cargo-al-proyecto-conservacion-y-restauracion-del-retrato-de-dna-pilar-penate-del-artista-j-bouzas-1951","status":"publish","type":"post","link":"https:\/\/fg.ull.es\/hemeroteca\/2014\/06\/09\/segundo-listado-definitivo-de-la-convocatoria-de-una-beca-formativa-de-investigacion-con-cargo-al-proyecto-conservacion-y-restauracion-del-retrato-de-dna-pilar-penate-del-artista-j-bouzas-1951\/","title":{"rendered":"Segundo listado definitivo de la convocatoria de una beca formativa de investigaci\u00f3n con cargo al proyecto &#039;Conservaci\u00f3n y restauraci\u00f3n del retrato de D\u00f1a. Pilar Pe\u00f1ate del artista J. Bouzas 1951&#039;"},"content":{"rendered":"<p style='text-align: justify'>Finalizado el periodo de alegaciones, se procede a publicar el segundo listado definitivo de esta segunda fase de selecci&oacute;n.<\/p>\n<p><\/p>\n<p style='text-align: justify'>La Fundaci&oacute;n General de la Universidad de La Laguna publica el segundo listado definitivo de seleccionados\/as para la realizaci&oacute;n de trabajos en el contexto del Proyecto de Investigaci&oacute;n denominado <em>Conservaci&oacute;n y restauraci&oacute;n del retrato de D&ntilde;a. Pilar Pe&ntilde;ate del artista J. Bouzas 1951.<\/em><\/p>\n<p style='text-align: justify'><em><a title='Listado 2 def Beca' href='..\/..\/public\/docs\/1276_eu_20140609_segundo_listado_definitivo_bbaa.pdf' target='_blank' rel=\"noopener noreferrer\">Listado Definitivo<\/a><\/em><\/p>\n<p>Documentaci&oacute;n asociada<\/p>\n<ul>\n<li><a title='Bases generales' href='..\/..\/public\/docs\/1212_ky_bases_generales_seleccion_de_becas_formativas_de_investigacion.pdf' target='_blank' rel=\"noopener noreferrer\">Bases generales<\/a><\/li>\n<li><a href='..\/..\/public\/docs\/1213_08_bases_singulares_perfil_beca_de_investigacion.pdf' target='_blank' rel=\"noopener noreferrer\">Bases espec&iacute;ficas<\/a><\/li>\n<\/ul>\n","protected":false},"excerpt":{"rendered":"<p style='text-align: justify'>Finalizado el periodo de alegaciones, se procede a publicar el segundo listado definitivo de esta segunda fase de selecci&oacute;n.<\/p>\n","protected":false},"author":36,"featured_media":0,"comment_status":"closed","ping_status":"open","sticky":false,"template":"","format":"standard","meta":{"footnotes":""},"categories":[6,8],"tags":[173,230,821,862],"featured_image_thumbnail_url":null,"_links":{"self":[{"href":"https:\/\/fg.ull.es\/hemeroteca\/wp-json\/wp\/v2\/posts\/14103"}],"collection":[{"href":"https:\/\/fg.ull.es\/hemeroteca\/wp-json\/wp\/v2\/posts"}],"about":[{"href":"https:\/\/fg.ull.es\/hemeroteca\/wp-json\/wp\/v2\/types\/post"}],"author":[{"embeddable":true,"href":"https:\/\/fg.ull.es\/hemeroteca\/wp-json\/wp\/v2\/users\/36"}],"replies":[{"embeddable":true,"href":"https:\/\/fg.ull.es\/hemeroteca\/wp-json\/wp\/v2\/comments?post=14103"}],"version-history":[{"count":0,"href":"https:\/\/fg.ull.es\/hemeroteca\/wp-json\/wp\/v2\/posts\/14103\/revisions"}],"wp:attachment":[{"href":"https:\/\/fg.ull.es\/hemeroteca\/wp-json\/wp\/v2\/media?parent=14103"}],"wp:term":[{"taxonomy":"category","embeddable":true,"href":"https:\/\/fg.ull.es\/hemeroteca\/wp-json\/wp\/v2\/categories?post=14103"},{"taxonomy":"post_tag","embeddable":true,"href":"https:\/\/fg.ull.es\/hemeroteca\/wp-json\/wp\/v2\/tags?post=14103"}],"curies":[{"name":"wp","href":"https:\/\/api.w.org\/{rel}","templated":true}]}}