{"id":14010,"date":"2014-05-29T13:55:01","date_gmt":"2014-05-29T13:55:01","guid":{"rendered":"http:\/\/www.fg.ull.es\/?p=14010"},"modified":"2014-05-29T13:55:01","modified_gmt":"2014-05-29T13:55:01","slug":"primer-listado-provisional-de-la-convocatoria-de-una-beca-formativa-de-investigacion-con-cargo-al-proyecto-conservacion-y-restauracion-del-retrato-de-dna-pilar-penate-del-artista-j-bouzas-1951","status":"publish","type":"post","link":"https:\/\/fg.ull.es\/hemeroteca\/2014\/05\/29\/primer-listado-provisional-de-la-convocatoria-de-una-beca-formativa-de-investigacion-con-cargo-al-proyecto-conservacion-y-restauracion-del-retrato-de-dna-pilar-penate-del-artista-j-bouzas-1951\/","title":{"rendered":"Primer listado provisional de la convocatoria de una beca formativa de investigaci\u00f3n con cargo al proyecto &#039;Conservaci\u00f3n y restauraci\u00f3n del retrato de D\u00f1a. Pilar Pe\u00f1ate del artista J. Bouzas 1951&#039;."},"content":{"rendered":"<p style='text-align: justify'>A partir del d&iacute;a siguiente de la publicaci&oacute;n de este listado se abre un periodo para la realizaci&oacute;n de eventuales alegaciones que concluir&aacute; a las 23:59 horas del pr&oacute;ximo domingo 01 de junio de 2014.<\/p>\n<p><\/p>\n<p style='text-align: justify'>A continuaci&oacute;n se presenta el primer listado provisional de aceptados\/as y excluidos\/as de la selecci&oacute;n de una beca formativa de investigaci&oacute;n para la realizaci&oacute;n de trabajos en el contexto del Proyecto de Investigaci&oacute;n denominado &#8216;<em>Conservaci&oacute;n y restauraci&oacute;n del retrato de D&ntilde;a. Pilar Pe&ntilde;ate del artista J. Bouzas 1951&#8242;.<\/em><\/p>\n<p style='text-align: justify'><em>Consulte el listado provisional <a title='Listado' href='..\/..\/public\/docs\/1247_jo_20140529_primer_listado_provisional_bbaa.pdf' target='_blank' rel=\"noopener noreferrer\">aqu&iacute;<\/a><\/em><\/p>\n","protected":false},"excerpt":{"rendered":"<p style='text-align: justify'>A partir del d&iacute;a siguiente de la publicaci&oacute;n de este listado se abre un periodo para la realizaci&oacute;n de eventuales alegaciones que concluir&aacute; a las 23:59 horas del pr&oacute;ximo domingo 01 de junio de 2014.<\/p>\n","protected":false},"author":36,"featured_media":0,"comment_status":"closed","ping_status":"open","sticky":false,"template":"","format":"standard","meta":{"footnotes":""},"categories":[6,8],"tags":[173,230,821,862],"featured_image_thumbnail_url":null,"_links":{"self":[{"href":"https:\/\/fg.ull.es\/hemeroteca\/wp-json\/wp\/v2\/posts\/14010"}],"collection":[{"href":"https:\/\/fg.ull.es\/hemeroteca\/wp-json\/wp\/v2\/posts"}],"about":[{"href":"https:\/\/fg.ull.es\/hemeroteca\/wp-json\/wp\/v2\/types\/post"}],"author":[{"embeddable":true,"href":"https:\/\/fg.ull.es\/hemeroteca\/wp-json\/wp\/v2\/users\/36"}],"replies":[{"embeddable":true,"href":"https:\/\/fg.ull.es\/hemeroteca\/wp-json\/wp\/v2\/comments?post=14010"}],"version-history":[{"count":0,"href":"https:\/\/fg.ull.es\/hemeroteca\/wp-json\/wp\/v2\/posts\/14010\/revisions"}],"wp:attachment":[{"href":"https:\/\/fg.ull.es\/hemeroteca\/wp-json\/wp\/v2\/media?parent=14010"}],"wp:term":[{"taxonomy":"category","embeddable":true,"href":"https:\/\/fg.ull.es\/hemeroteca\/wp-json\/wp\/v2\/categories?post=14010"},{"taxonomy":"post_tag","embeddable":true,"href":"https:\/\/fg.ull.es\/hemeroteca\/wp-json\/wp\/v2\/tags?post=14010"}],"curies":[{"name":"wp","href":"https:\/\/api.w.org\/{rel}","templated":true}]}}