{"id":13699,"date":"2014-04-23T11:49:31","date_gmt":"2014-04-23T11:49:31","guid":{"rendered":"http:\/\/www.fg.ull.es\/?p=13699"},"modified":"2014-04-23T11:49:31","modified_gmt":"2014-04-23T11:49:31","slug":"los-coordinadores-de-los-servicios-activate-ull-y-orientate-ull-de-la-fundacion-general-estaran-manana-en-la-xxix-semana-de-la-empresa","status":"publish","type":"post","link":"https:\/\/fg.ull.es\/hemeroteca\/2014\/04\/23\/los-coordinadores-de-los-servicios-activate-ull-y-orientate-ull-de-la-fundacion-general-estaran-manana-en-la-xxix-semana-de-la-empresa\/","title":{"rendered":"Los coordinadores de los servicios Act\u00edvate.ull y Ori\u00e9ntate.ull de la Fundaci\u00f3n General estar\u00e1n ma\u00f1ana en la XXIX Semana de la Empresa"},"content":{"rendered":"<p style='text-align: justify'>El &Aacute;rea de Empleo de la Fundaci&oacute;n participar&aacute; en esta edici&oacute;n de la Semana de la Empresa, que se celebra desde hoy hasta el viernes en la Escuela Universitaria de Ciencias Empresariales de la ULL. Ma&ntilde;ana, los coordinadores de estos dos servicios dar&aacute;n las charlas de 11 a 14 horas.<\/p>\n<p><\/p>\n<p style='text-align: justify'>Los coordinadores de <strong><em>Act&iacute;vate.ull<\/em><\/strong>, Basilio de Le&oacute;n, y <strong><em>Ori&eacute;ntate.ull<\/em><\/strong>, Alicia Gonz&aacute;lez, ofrecer&aacute;n dos charlas en la XXIX Semana de la Empresa de la Escuela Universitaria de Ciencias Empresariales de la ULL, que se celebra desde hoy 23 de abril hasta el viernes 25. Estas charlas ir&aacute;n encaminadas a dar a conocer estos dos servicios, dedicados a la gesti&oacute;n de becas&nbsp; y pr&aacute;cticas, el primero de ellos, y a la orientaci&oacute;n laboral, el segundo. Se celebrar&aacute;n durante la jornada de ma&ntilde;ana, <strong>24 de abril<\/strong>, &nbsp;de <strong>11 a 14 horas<\/strong> y estar&aacute;n enmarcadas dentro de un grupo de debate denominado &lsquo;Salidas profesionales: las instituciones&rdquo;, donde participar&aacute;n tambi&eacute;n directivos y responsables de otras instituciones y empresas.<\/p>\n<p style='text-align: justify'>La Fundaci&oacute;n tambi&eacute;n participar&aacute; en la jornada del viernes <strong>25 de abril<\/strong>, en la que Samuel Reyes, t&eacute;cnico de <strong><em>Emprende.ull<\/em><\/strong>, llevar&aacute; a cabo una ponencia de <strong>18:30 a 19:00<\/strong> horas bajo la denominaci&oacute;n &lsquo;Tengo la idea, &iquest;y ahora qu&eacute;?&rsquo;.<\/p>\n","protected":false},"excerpt":{"rendered":"<p style='text-align: justify'>El &Aacute;rea de Empleo de la Fundaci&oacute;n participar&aacute; en esta edici&oacute;n de la Semana de la Empresa, que se celebra desde hoy hasta el viernes en la Escuela Universitaria de Ciencias Empresariales de la ULL. Ma&ntilde;ana, los coordinadores de estos dos servicios dar&aacute;n las charlas de 11 a 14 horas.<\/p>\n","protected":false},"author":36,"featured_media":13698,"comment_status":"closed","ping_status":"open","sticky":false,"template":"","format":"standard","meta":{"footnotes":""},"categories":[3],"tags":[173,518,533,541,548,1079,1353,1424],"featured_image_thumbnail_url":"https:\/\/fg.ull.es\/hemeroteca\/wp-content\/uploads\/sites\/14\/2015\/04\/2035_gd_f845-300x61.jpg","_links":{"self":[{"href":"https:\/\/fg.ull.es\/hemeroteca\/wp-json\/wp\/v2\/posts\/13699"}],"collection":[{"href":"https:\/\/fg.ull.es\/hemeroteca\/wp-json\/wp\/v2\/posts"}],"about":[{"href":"https:\/\/fg.ull.es\/hemeroteca\/wp-json\/wp\/v2\/types\/post"}],"author":[{"embeddable":true,"href":"https:\/\/fg.ull.es\/hemeroteca\/wp-json\/wp\/v2\/users\/36"}],"replies":[{"embeddable":true,"href":"https:\/\/fg.ull.es\/hemeroteca\/wp-json\/wp\/v2\/comments?post=13699"}],"version-history":[{"count":0,"href":"https:\/\/fg.ull.es\/hemeroteca\/wp-json\/wp\/v2\/posts\/13699\/revisions"}],"wp:featuredmedia":[{"embeddable":true,"href":"https:\/\/fg.ull.es\/hemeroteca\/wp-json\/wp\/v2\/media\/13698"}],"wp:attachment":[{"href":"https:\/\/fg.ull.es\/hemeroteca\/wp-json\/wp\/v2\/media?parent=13699"}],"wp:term":[{"taxonomy":"category","embeddable":true,"href":"https:\/\/fg.ull.es\/hemeroteca\/wp-json\/wp\/v2\/categories?post=13699"},{"taxonomy":"post_tag","embeddable":true,"href":"https:\/\/fg.ull.es\/hemeroteca\/wp-json\/wp\/v2\/tags?post=13699"}],"curies":[{"name":"wp","href":"https:\/\/api.w.org\/{rel}","templated":true}]}}