{"id":13617,"date":"2014-04-10T10:38:52","date_gmt":"2014-04-10T10:38:52","guid":{"rendered":"http:\/\/www.fg.ull.es\/?p=13617"},"modified":"2014-04-10T10:38:52","modified_gmt":"2014-04-10T10:38:52","slug":"ultimo-dia-de-inscripcion-para-la-viii-edicion-de-los-premios-emprendedor-xxi","status":"publish","type":"post","link":"https:\/\/fg.ull.es\/hemeroteca\/2014\/04\/10\/ultimo-dia-de-inscripcion-para-la-viii-edicion-de-los-premios-emprendedor-xxi\/","title":{"rendered":"\u00daltimo d\u00eda de inscripci\u00f3n para la VIII edici\u00f3n de los Premios Emprendedor XXI"},"content":{"rendered":"<p style='text-align: left'>Hoy, 10 de abril, finaliza el plazo de inscripci&oacute;n. Se podr&aacute;n presentar proyectos a la categor&iacute;a Emprendes: empresas innovadoras de menos de dos a&ntilde;os de vida. La Unidad de Emprendimiento de la Fundaci&oacute;n asesorar&aacute; hasta hoy con la documentaci&oacute;n a los proyectos que deseen presentarse.<\/p>\n<p><\/p>\n<p style='text-align: justify'>La&nbsp;<strong>VIII edici&oacute;n de los Premios Emprendedor XXI<\/strong>&nbsp;mantiene abierto su periodo de inscripci&oacute;n hasta el d&iacute;a de hoy, <strong>10 de abril<\/strong>&nbsp;para la&nbsp;<strong>categor&iacute;a Emprendes<\/strong>. A ella se podr&aacute;n presentar proyectos de empresas innovadoras que cuenten con menos de dos a&ntilde;os de vida, tengan un alto nivel de compromiso y motivaci&oacute;n hacia el proyecto empresarial; su propuesta de valor y su plan de negocio sean convincentes &nbsp;y hayan conseguido algunos hitos en su primera etapa de negocio.<\/p>\n<p style='text-align: justify'>Recordar que la Unidad de Emprendimiento de la Fundaci&oacute;n General de la ULL, <strong><em>Emprende.ull<\/em><\/strong>, tambi&eacute;n <strong>asesorar&aacute; hasta hoy<\/strong> a aquellas personas que deseen presentar proyectos al concurso. Lo har&aacute; en materia de documentaci&oacute;n, es decir, sobre los documentos que deber&aacute;n rellenar o presentar para formalizar de manera correcta la inscripci&oacute;n.<\/p>\n<p style='text-align: justify'>El concurso est&aacute; destinado a empresas con un alto componente de innovaci&oacute;n, en un sentido amplio: por producto, por los procesos, por los modelos de negocio&hellip; Deben ser empresas j&oacute;venes, pero con una trayectoria de &eacute;xito. De esta manera, se escoger&aacute;n 17 ganadores, uno por comunidad aut&oacute;noma, que obtendr&aacute;n un premio de 5.000&euro; y la asistencia al curso de aceleraci&oacute;n&nbsp;<em>Ignite Fast Track<\/em>, impartido por la Universidad de Cambridge.&nbsp;<strong>Los ganadores auton&oacute;micos se dar&aacute;n a conocer entre los meses de mayo y junio<\/strong>.<\/p>\n<p style='text-align: justify'>M&aacute;s tarde,<strong>&nbsp;<\/strong>de los 17 ganadores auton&oacute;micos saldr&aacute;n 3 finalistas de la fase estatal. Estos tres participar&aacute;n en uno de los Puentes Tecnol&oacute;gicos a Silicon Valley, Tel Aviv o Nueva York. El&nbsp;<strong>ganador estatal<\/strong>, que se llevar&aacute; una dotaci&oacute;n econ&oacute;mica de 20.000&euro;,<strong>&nbsp;<\/strong><strong>se conocer&aacute; el 20 de noviembre<\/strong>, en la gala oficial de entrega de las dos categor&iacute;as de los Premios Emprendedor XXI en Barcelona.<\/p>\n<p style='text-align: justify'>Esta iniciativa est&aacute; desarrollada por &ldquo;La Caixa&rdquo;, a trav&eacute;s de Caixa Capital Risc, y se desarrolla conjuntamente con: la Empresa Nacional de Innovaci&oacute;n (ENISA), entidades organizadoras y colaboradoras en las 17 comunidades aut&oacute;nomas -entre las que se encuentran la Universidad de las Palmas de Gran Canaria y su Fundaci&oacute;n Universitaria; as&iacute; como la Universidad de La Laguna y su Fundaci&oacute;n General-, la embajada de Israel, la fundaci&oacute;n &ldquo;La Caixa&rdquo; y la Universidad de Cambridge, ESADE e IESE. El organizador de la iniciativa en Canarias es la Agencia Canaria de Investigaci&oacute;n, Innovaci&oacute;n y Sociedad de la Informaci&oacute;n del Gobierno de Canarias.<\/p>\n<p style='text-align: justify'><a href='http:\/\/premios2014.emprendedorxxi.es\/es\/categoria-emprendes\/'><strong>(M&aacute;s informaci&oacute;n e inscripci&oacute;n aqu&iacute;)<\/strong><\/a><\/p>\n","protected":false},"excerpt":{"rendered":"<p style='text-align: left'>Hoy, 10 de abril, finaliza el plazo de inscripci&oacute;n. Se podr&aacute;n presentar proyectos a la categor&iacute;a Emprendes: empresas innovadoras de menos de dos a&ntilde;os de vida. La Unidad de Emprendimiento de la Fundaci&oacute;n asesorar&aacute; hasta hoy con la documentaci&oacute;n a los proyectos que deseen presentarse.<\/p>\n","protected":false},"author":36,"featured_media":13616,"comment_status":"closed","ping_status":"open","sticky":false,"template":"","format":"standard","meta":{"footnotes":""},"categories":[8],"tags":[173,533,541,821],"featured_image_thumbnail_url":"https:\/\/fg.ull.es\/hemeroteca\/wp-content\/uploads\/sites\/14\/2015\/04\/2008_p9_unknown1_0.jpeg","_links":{"self":[{"href":"https:\/\/fg.ull.es\/hemeroteca\/wp-json\/wp\/v2\/posts\/13617"}],"collection":[{"href":"https:\/\/fg.ull.es\/hemeroteca\/wp-json\/wp\/v2\/posts"}],"about":[{"href":"https:\/\/fg.ull.es\/hemeroteca\/wp-json\/wp\/v2\/types\/post"}],"author":[{"embeddable":true,"href":"https:\/\/fg.ull.es\/hemeroteca\/wp-json\/wp\/v2\/users\/36"}],"replies":[{"embeddable":true,"href":"https:\/\/fg.ull.es\/hemeroteca\/wp-json\/wp\/v2\/comments?post=13617"}],"version-history":[{"count":0,"href":"https:\/\/fg.ull.es\/hemeroteca\/wp-json\/wp\/v2\/posts\/13617\/revisions"}],"wp:featuredmedia":[{"embeddable":true,"href":"https:\/\/fg.ull.es\/hemeroteca\/wp-json\/wp\/v2\/media\/13616"}],"wp:attachment":[{"href":"https:\/\/fg.ull.es\/hemeroteca\/wp-json\/wp\/v2\/media?parent=13617"}],"wp:term":[{"taxonomy":"category","embeddable":true,"href":"https:\/\/fg.ull.es\/hemeroteca\/wp-json\/wp\/v2\/categories?post=13617"},{"taxonomy":"post_tag","embeddable":true,"href":"https:\/\/fg.ull.es\/hemeroteca\/wp-json\/wp\/v2\/tags?post=13617"}],"curies":[{"name":"wp","href":"https:\/\/api.w.org\/{rel}","templated":true}]}}