{"id":13614,"date":"2014-04-09T11:50:59","date_gmt":"2014-04-09T11:50:59","guid":{"rendered":"http:\/\/www.fg.ull.es\/?p=13614"},"modified":"2014-04-09T11:50:59","modified_gmt":"2014-04-09T11:50:59","slug":"el-concurso-de-cristalizacion-en-la-escuela-2014-celebrara-su-final-territorial-el-proximo-26-de-abril-en-la-universidad-de-la-laguna","status":"publish","type":"post","link":"https:\/\/fg.ull.es\/hemeroteca\/2014\/04\/09\/el-concurso-de-cristalizacion-en-la-escuela-2014-celebrara-su-final-territorial-el-proximo-26-de-abril-en-la-universidad-de-la-laguna\/","title":{"rendered":"El &#039;Concurso de Cristalizaci\u00f3n en la Escuela 2014&#039; celebrar\u00e1 su final territorial el pr\u00f3ximo 26 de abril en la Universidad de La Laguna"},"content":{"rendered":"<p style='text-align: justify'>La final territorial de este concurso, que se celebra por primera vez en Tenerife, se desarrollar&aacute; en el Aulario de Guajara de la ULL el pr&oacute;ximo 26 de abril de 10 a 15 horas. Participa alumnado de secundaria y bachiller de 15 centros de toda la isla.<\/p>\n<p><\/p>\n<p style='text-align: justify'>El pr&oacute;ximo 26 de abril se celebrar&aacute; en el Aulario de Guajara de la Universidad de La Laguna, la final territorial del Concurso de Cristalizaci&oacute;n en la Escuela.&nbsp; Se llevar&aacute; a cabo de 10 a 15 horas. Este concurso se organiza por primera vez en Tenerife y, con ocasi&oacute;n del A&ntilde;o Internacional de la Cristalograf&iacute;a 2014, se realiza a nivel nacional, de tal forma, que los cinco mejores trabajos presentados en la final territorial, participar&aacute;n el 10 de mayo en la final nacional.<\/p>\n<p style='text-align: justify'>En la iniciativa participa alumnado de secundaria y bachiller agrupados en 27 equipos de 15 centros de toda la isla de Tenerife. Durante el concurso, presentar&aacute;n sus cristalizaciones en un formato semejante a un congreso cient&iacute;fico, en forma de agrupaciones cristalinas, geodas, cristales de colores, etc.<\/p>\n<p style='text-align: justify'>A nivel estatal, participan en el concurso 186 colegios, 262 profesores y 7.203 estudiantes de toda Espa&ntilde;a. Tras el &eacute;xito de ediciones anteriores del concurso, esta edici&oacute;n est&aacute; coordinada por el Grupo Espa&ntilde;ol de Cristalograf&iacute;a y Crecimiento Cristalino. Se celebra en 7 zonas territoriales: Asturias, Arag&oacute;n, Andaluc&iacute;a, Catalu&ntilde;a, Madrid, Valencia y Canarias. En Canarias, organiza Jorge Pas&aacute;n, profesor de F&iacute;sica de la Universidad de La Laguna.<\/p>\n<p style='text-align: justify'>Es una acci&oacute;n de la Unidad de Cultura Cient&iacute;fica y de la Innovaci&oacute;n de la Universidad de La Laguna, CIENCI@ULL.<\/p>\n","protected":false},"excerpt":{"rendered":"<p style='text-align: justify'>La final territorial de este concurso, que se celebra por primera vez en Tenerife, se desarrollar&aacute; en el Aulario de Guajara de la ULL el pr&oacute;ximo 26 de abril de 10 a 15 horas. Participa alumnado de secundaria y bachiller de 15 centros de toda la isla.<\/p>\n","protected":false},"author":36,"featured_media":13613,"comment_status":"closed","ping_status":"open","sticky":false,"template":"","format":"standard","meta":{"footnotes":""},"categories":[8],"tags":[173,339,1353,1424],"featured_image_thumbnail_url":"https:\/\/fg.ull.es\/hemeroteca\/wp-content\/uploads\/sites\/14\/2015\/04\/2004_ag_header4-300x86.jpg","_links":{"self":[{"href":"https:\/\/fg.ull.es\/hemeroteca\/wp-json\/wp\/v2\/posts\/13614"}],"collection":[{"href":"https:\/\/fg.ull.es\/hemeroteca\/wp-json\/wp\/v2\/posts"}],"about":[{"href":"https:\/\/fg.ull.es\/hemeroteca\/wp-json\/wp\/v2\/types\/post"}],"author":[{"embeddable":true,"href":"https:\/\/fg.ull.es\/hemeroteca\/wp-json\/wp\/v2\/users\/36"}],"replies":[{"embeddable":true,"href":"https:\/\/fg.ull.es\/hemeroteca\/wp-json\/wp\/v2\/comments?post=13614"}],"version-history":[{"count":0,"href":"https:\/\/fg.ull.es\/hemeroteca\/wp-json\/wp\/v2\/posts\/13614\/revisions"}],"wp:featuredmedia":[{"embeddable":true,"href":"https:\/\/fg.ull.es\/hemeroteca\/wp-json\/wp\/v2\/media\/13613"}],"wp:attachment":[{"href":"https:\/\/fg.ull.es\/hemeroteca\/wp-json\/wp\/v2\/media?parent=13614"}],"wp:term":[{"taxonomy":"category","embeddable":true,"href":"https:\/\/fg.ull.es\/hemeroteca\/wp-json\/wp\/v2\/categories?post=13614"},{"taxonomy":"post_tag","embeddable":true,"href":"https:\/\/fg.ull.es\/hemeroteca\/wp-json\/wp\/v2\/tags?post=13614"}],"curies":[{"name":"wp","href":"https:\/\/api.w.org\/{rel}","templated":true}]}}