{"id":13553,"date":"2014-03-31T12:36:09","date_gmt":"2014-03-31T12:36:09","guid":{"rendered":"http:\/\/www.fg.ull.es\/?p=13553"},"modified":"2014-03-31T12:36:09","modified_gmt":"2014-03-31T12:36:09","slug":"matricula-abierta-para-el-servicio-de-orientacion-laboral-orientate-ull-bajo-una-metodologia-de-busqueda-activa-de-empleo","status":"publish","type":"post","link":"https:\/\/fg.ull.es\/hemeroteca\/2014\/03\/31\/matricula-abierta-para-el-servicio-de-orientacion-laboral-orientate-ull-bajo-una-metodologia-de-busqueda-activa-de-empleo\/","title":{"rendered":"Matr\u00edcula abierta para el servicio de orientaci\u00f3n laboral &#039;Ori\u00e9ntate.ull&#039; bajo una metodolog\u00eda de b\u00fasqueda activa de empleo"},"content":{"rendered":"<p style='text-align: left'>Este servicio de orientaci&oacute;n del &Aacute;rea de Empleo de la Fundaci&oacute;n General, a trav&eacute;s de su programa ITINERA, ofrece asesoramiento para la b&uacute;squeda activa de empleo.<\/p>\n<p><\/p>\n<p style='text-align: justify'>Ori&eacute;ntate.ull, el servicio de orientaci&oacute;n del &Aacute;rea de Empleo de la Fundaci&oacute;n General de la ULL, sigue apostando por ofrecer formaci&oacute;n en competencias y en las herramientas necesarias para la b&uacute;squeda activa de empleo.<\/p>\n<p style='text-align: justify'>Para ello se realizan asesoramientos a trav&eacute;s del programa ITINERA, un servicio de orientaci&oacute;n laboral espec&iacute;fico y gratuito para personas con formaci&oacute;n universitaria.<\/p>\n<p style='text-align: justify'>Este servicio tiene como <strong>objetivo<\/strong> fundamental el <strong>fomento de la inserci&oacute;n laboral de las personas desempleadas<\/strong>, a trav&eacute;s de la mejora de su empleabilidad, y se presta tanto a estudiantes como a titulados\/as. El programa comienza con la elaboraci&oacute;n de una estrategia personalizada que comprende determinadas acciones como: el diagn&oacute;stico de las necesidades en materia de formaci&oacute;n y empleo; asesoramiento sobre el itinerario de inserci&oacute;n laboral m&aacute;s acorde a los intereses personales y sus expectativas laborales y formativas; valoraci&oacute;n personalizada de su perfil profesional, etc.<\/p>\n<p style='text-align: justify'>Adem&aacute;s, tambi&eacute;n se elaborar&aacute; un curr&iacute;culum vitae y una carta de presentaci&oacute;n eficaces y se ense&ntilde;ar&aacute; a participar en proceso de selecci&oacute;n con resultados &oacute;ptimos y a c&oacute;mo superar una entrevista de trabajo.<\/p>\n<p style='text-align: justify'><a href='https:\/\/sede.fg.ull.es\/es\/orientacion\/detalle\/a14040001\/solicitud-de-matricula-itinera-2014'>(Matric&uacute;late aqu&iacute;)<\/a><\/p>\n<p style='text-align: justify'>Los<strong> requisito<\/strong>s para poder realizar el programa &nbsp;de orientaci&oacute;n ITINERA son los siguientes:<\/p>\n<p style='text-align: justify'>-Ser estudiante o titulado\/a universitario\/a<\/p>\n<p style='text-align: justify'>-Estar inscrito\/a en el Servicio Canario de Empleo en situaci&oacute;n de alta y en cualquiera de las siguientes situaciones administrativas:<\/p>\n<p style='text-align: justify'>&nbsp;&nbsp;&nbsp;&nbsp;&nbsp;&nbsp;&nbsp; -Demandante de empleo desempleado.<\/p>\n<p style='text-align: justify'>&nbsp;&nbsp;&nbsp;&nbsp;&nbsp;&nbsp;&nbsp; -Demandante de servicios previos al empleo.<\/p>\n<p style='text-align: justify'>&nbsp; &nbsp; &nbsp; &nbsp; &nbsp;-Mejora de empleo, siempre y cuando el\/la trabajador\/a est&eacute; contratado\/a a tiempo parcial con una jornada que no supere las 15 horas a la semana y su sueldo no supere los 400 euros al mes.<\/p>\n<p style='text-align: justify'><span> <\/span>-Tener como m&aacute;ximo 30 a&ntilde;os de edad o, en caso de ser mayores de 30 a&ntilde;os, haber cursado estudios universitarios dentro de los &uacute;ltimos cinco a&ntilde;os.<\/p>\n<p style='text-align: justify'>Las personas interesadas pueden inscribirse y solicitar cita previa a trav&eacute;s de <a href='https:\/\/sede.fg.ull.es\/es\/orientacion\/detalle\/a14040001\/solicitud-de-matricula-itinera-2014'>este enlace<\/a>.&nbsp;<\/p>\n","protected":false},"excerpt":{"rendered":"<p style='text-align: left'>Este servicio de orientaci&oacute;n del &Aacute;rea de Empleo de la Fundaci&oacute;n General, a trav&eacute;s de su programa ITINERA, ofrece asesoramiento para la b&uacute;squeda activa de empleo.<\/p>\n","protected":false},"author":36,"featured_media":13552,"comment_status":"closed","ping_status":"open","sticky":false,"template":"","format":"standard","meta":{"footnotes":""},"categories":[3],"tags":[173,518,671,1079,1353,1424],"featured_image_thumbnail_url":"https:\/\/fg.ull.es\/hemeroteca\/wp-content\/uploads\/sites\/14\/2015\/04\/1986_3n_naza_itinera-300x201.jpg","_links":{"self":[{"href":"https:\/\/fg.ull.es\/hemeroteca\/wp-json\/wp\/v2\/posts\/13553"}],"collection":[{"href":"https:\/\/fg.ull.es\/hemeroteca\/wp-json\/wp\/v2\/posts"}],"about":[{"href":"https:\/\/fg.ull.es\/hemeroteca\/wp-json\/wp\/v2\/types\/post"}],"author":[{"embeddable":true,"href":"https:\/\/fg.ull.es\/hemeroteca\/wp-json\/wp\/v2\/users\/36"}],"replies":[{"embeddable":true,"href":"https:\/\/fg.ull.es\/hemeroteca\/wp-json\/wp\/v2\/comments?post=13553"}],"version-history":[{"count":0,"href":"https:\/\/fg.ull.es\/hemeroteca\/wp-json\/wp\/v2\/posts\/13553\/revisions"}],"wp:featuredmedia":[{"embeddable":true,"href":"https:\/\/fg.ull.es\/hemeroteca\/wp-json\/wp\/v2\/media\/13552"}],"wp:attachment":[{"href":"https:\/\/fg.ull.es\/hemeroteca\/wp-json\/wp\/v2\/media?parent=13553"}],"wp:term":[{"taxonomy":"category","embeddable":true,"href":"https:\/\/fg.ull.es\/hemeroteca\/wp-json\/wp\/v2\/categories?post=13553"},{"taxonomy":"post_tag","embeddable":true,"href":"https:\/\/fg.ull.es\/hemeroteca\/wp-json\/wp\/v2\/tags?post=13553"}],"curies":[{"name":"wp","href":"https:\/\/api.w.org\/{rel}","templated":true}]}}