{"id":13331,"date":"2014-03-05T15:06:26","date_gmt":"2014-03-05T15:06:26","guid":{"rendered":"http:\/\/www.fg.ull.es\/?p=13331"},"modified":"2014-03-05T15:06:26","modified_gmt":"2014-03-05T15:06:26","slug":"la-oficina-de-proyectos-del-irta-instituto-de-investigacion-y-tecnologia-agroalimentarias-abre-una-convocatoria-para-una-plaza-de-gestor-de-proyectos","status":"publish","type":"post","link":"https:\/\/fg.ull.es\/hemeroteca\/2014\/03\/05\/la-oficina-de-proyectos-del-irta-instituto-de-investigacion-y-tecnologia-agroalimentarias-abre-una-convocatoria-para-una-plaza-de-gestor-de-proyectos\/","title":{"rendered":"La Oficina de Proyectos del IRTA (Instituto de Investigaci\u00f3n y Tecnolog\u00eda Agroalimentarias) abre una convocatoria para una plaza de Gestor de Proyectos"},"content":{"rendered":"<p>El puesto, localizado en Torre Marimon en Caldes de Montbui, Barcelona, ofrece un contrato temporal de un a&ntilde;o prorrogable anualmente hasta tres, con posibilidad de continuidad. La retribuci&oacute;n anual ser&aacute; de 26.514,31 euros brutos, con la aplicaci&oacute;n del Decreto Ley 3\/2010.<\/p>\n<p><\/p>\n<p style='text-align: justify'>La Oficina de Proyecto del IRTA (Instituto de Investigaci&oacute;n y Tecnolog&iacute;a Agroalimentarias) abre una convocatoria para una plaza de Gestor de Proyectos en su sede en Torre Marimon en Caldes Montbui, Barcelona.<\/p>\n<p style='text-align: justify'>El puesto ofertado es a jornada completa y mediante un contrato temporal de un a&ntilde;o prorrogable anualmente hasta tres, con posibilidad de continuidad. La retribuci&oacute;n anual ser&aacute; de 26.514,31 euros brutos, con la aplicaci&oacute;n del Decreto Ley 3\/2010.<\/p>\n<p style='text-align: justify'>Las funciones del puesto conllevan la detecci&oacute;n oportunidades de financiaci&oacute;n de convocatorias a nivel auton&oacute;mico, estatal, europeo e internacional adaptados a los &aacute;mbitos de actuaci&oacute;n del IRTA, la participaci&oacute;n en los procesos de identificaci&oacute;n y captaci&oacute;n de fondos de financiaci&oacute;n para contribuir a su diversificaci&oacute;n y apoyo a la coordinaci&oacute;n, gesti&oacute;n administrativa y financiera durante la implementaci&oacute;n de proyectos europeos coordinados por el IRTA, entre otros aspectos.<\/p>\n<p style='text-align: justify'>Los requisitos para la plaza son tener una titulaci&oacute;n superior de grado medio en ciencias o m&eacute;ritos equivalentes, nivel alto escrito y hablado de ingl&eacute;s y catal&aacute;n, conocimientos de ofim&aacute;tica avanzados y disponibilidad para viajar. Asimismo, se valorar&aacute; una titulaci&oacute;n superior a la requerida en el &aacute;mbito agroalimentario, preferiblemente en Biolog&iacute;a, Qu&iacute;mica, Ingenier&iacute;a Agr&oacute;noma, Veterinaria o Tecnolog&iacute;a de los Alimentos o experiencia con gesti&oacute;n de proyectos de la convocatoria Research for the Benefit of SMEs, entre otras cosas.<\/p>\n<p style='text-align: justify'>Las personas interesadas deben enviar el CV con carta de motivaci&oacute;n n indicando la referencia 08\/14 hasta el d&iacute;a 04 de marzo de 2014 a: recursos.humans@irta.es o bien a la direcci&oacute;n postal: IRTA, Torre Marimon. 08140 Caldes de Montbui (Barcelona).<\/p>\n<p style='text-align: justify'><a href='..\/..\/public\/docs\/1116_at_gestor_proyectos_opirta.pdf' target=\"_blank\" rel=\"noopener\">(Ver oferta de empleo)<\/a><\/p>\n","protected":false},"excerpt":{"rendered":"<p>El puesto, localizado en Torre Marimon en Caldes de Montbui, Barcelona, ofrece un contrato temporal de un a&ntilde;o prorrogable anualmente hasta tres, con posibilidad de continuidad. La retribuci&oacute;n anual ser&aacute; de 26.514,31 euros brutos, con la aplicaci&oacute;n del Decreto Ley 3\/2010.<\/p>\n","protected":false},"author":36,"featured_media":13330,"comment_status":"closed","ping_status":"open","sticky":false,"template":"","format":"standard","meta":{"footnotes":""},"categories":[3],"tags":[173],"class_list":["post-13331","post","type-post","status-publish","format-standard","has-post-thumbnail","hentry","category-empleo","tag-archivados"],"yoast_head":"<!-- This site is optimized with the Yoast SEO plugin v28.2 - https:\/\/yoast.com\/product\/yoast-seo-wordpress\/ -->\n<title>La Oficina de Proyectos del IRTA (Instituto de Investigaci\u00f3n y Tecnolog\u00eda Agroalimentarias) abre una convocatoria para una plaza de Gestor de Proyectos - Hist\u00f3rico de noticias de la Fundaci\u00f3n General<\/title>\n<meta name=\"robots\" content=\"index, follow, max-snippet:-1, max-image-preview:large, max-video-preview:-1\" \/>\n<link rel=\"canonical\" href=\"https:\/\/fg.ull.es\/hemeroteca\/2014\/03\/05\/la-oficina-de-proyectos-del-irta-instituto-de-investigacion-y-tecnologia-agroalimentarias-abre-una-convocatoria-para-una-plaza-de-gestor-de-proyectos\/\" \/>\n<meta property=\"og:locale\" content=\"es_ES\" \/>\n<meta property=\"og:type\" content=\"article\" \/>\n<meta property=\"og:title\" content=\"La Oficina de Proyectos del IRTA (Instituto de Investigaci\u00f3n y Tecnolog\u00eda Agroalimentarias) abre una convocatoria para una plaza de Gestor de Proyectos - Hist\u00f3rico de noticias de la Fundaci\u00f3n General\" \/>\n<meta property=\"og:description\" content=\"El puesto, localizado en Torre Marimon en Caldes de Montbui, Barcelona, ofrece un contrato temporal de un a&ntilde;o prorrogable anualmente hasta tres, con posibilidad de continuidad. La retribuci&oacute;n anual ser&aacute; de 26.514,31 euros brutos, con la aplicaci&oacute;n del Decreto Ley 3\/2010.\" \/>\n<meta property=\"og:url\" content=\"https:\/\/fg.ull.es\/hemeroteca\/2014\/03\/05\/la-oficina-de-proyectos-del-irta-instituto-de-investigacion-y-tecnologia-agroalimentarias-abre-una-convocatoria-para-una-plaza-de-gestor-de-proyectos\/\" \/>\n<meta property=\"og:site_name\" content=\"Hist\u00f3rico de noticias de la Fundaci\u00f3n General\" \/>\n<meta property=\"article:published_time\" content=\"2014-03-05T15:06:26+00:00\" \/>\n<meta property=\"og:image\" content=\"https:\/\/fg.ull.es\/hemeroteca\/wp-content\/uploads\/sites\/14\/2015\/04\/1914_ug_logo_irtacomplert.jpg\" \/>\n\t<meta property=\"og:image:width\" content=\"1171\" \/>\n\t<meta property=\"og:image:height\" content=\"642\" \/>\n\t<meta property=\"og:image:type\" content=\"image\/jpeg\" \/>\n<meta name=\"author\" content=\"fgull\" \/>\n<meta name=\"twitter:card\" content=\"summary_large_image\" \/>\n<meta name=\"twitter:label1\" content=\"Escrito por\" \/>\n\t<meta name=\"twitter:data1\" content=\"fgull\" \/>\n\t<meta name=\"twitter:label2\" content=\"Tiempo de lectura\" \/>\n\t<meta name=\"twitter:data2\" content=\"2 minutos\" \/>\n<script type=\"application\/ld+json\" class=\"yoast-schema-graph\">{\"@context\":\"https:\\\/\\\/schema.org\",\"@graph\":[{\"@type\":\"Article\",\"@id\":\"https:\\\/\\\/fg.ull.es\\\/hemeroteca\\\/2014\\\/03\\\/05\\\/la-oficina-de-proyectos-del-irta-instituto-de-investigacion-y-tecnologia-agroalimentarias-abre-una-convocatoria-para-una-plaza-de-gestor-de-proyectos\\\/#article\",\"isPartOf\":{\"@id\":\"https:\\\/\\\/fg.ull.es\\\/hemeroteca\\\/2014\\\/03\\\/05\\\/la-oficina-de-proyectos-del-irta-instituto-de-investigacion-y-tecnologia-agroalimentarias-abre-una-convocatoria-para-una-plaza-de-gestor-de-proyectos\\\/\"},\"author\":{\"name\":\"fgull\",\"@id\":\"https:\\\/\\\/fg.ull.es\\\/hemeroteca\\\/#\\\/schema\\\/person\\\/cf424320c3c543ecb9f15d3785219238\"},\"headline\":\"La Oficina de Proyectos del IRTA (Instituto de Investigaci\u00f3n y Tecnolog\u00eda Agroalimentarias) abre una convocatoria para una plaza de Gestor de Proyectos\",\"datePublished\":\"2014-03-05T15:06:26+00:00\",\"mainEntityOfPage\":{\"@id\":\"https:\\\/\\\/fg.ull.es\\\/hemeroteca\\\/2014\\\/03\\\/05\\\/la-oficina-de-proyectos-del-irta-instituto-de-investigacion-y-tecnologia-agroalimentarias-abre-una-convocatoria-para-una-plaza-de-gestor-de-proyectos\\\/\"},\"wordCount\":394,\"image\":{\"@id\":\"https:\\\/\\\/fg.ull.es\\\/hemeroteca\\\/2014\\\/03\\\/05\\\/la-oficina-de-proyectos-del-irta-instituto-de-investigacion-y-tecnologia-agroalimentarias-abre-una-convocatoria-para-una-plaza-de-gestor-de-proyectos\\\/#primaryimage\"},\"thumbnailUrl\":\"https:\\\/\\\/fg.ull.es\\\/hemeroteca\\\/wp-content\\\/uploads\\\/sites\\\/14\\\/2015\\\/04\\\/1914_ug_logo_irtacomplert.jpg\",\"keywords\":[\"Archivados\"],\"articleSection\":[\"Empleo\"],\"inLanguage\":\"es\"},{\"@type\":\"WebPage\",\"@id\":\"https:\\\/\\\/fg.ull.es\\\/hemeroteca\\\/2014\\\/03\\\/05\\\/la-oficina-de-proyectos-del-irta-instituto-de-investigacion-y-tecnologia-agroalimentarias-abre-una-convocatoria-para-una-plaza-de-gestor-de-proyectos\\\/\",\"url\":\"https:\\\/\\\/fg.ull.es\\\/hemeroteca\\\/2014\\\/03\\\/05\\\/la-oficina-de-proyectos-del-irta-instituto-de-investigacion-y-tecnologia-agroalimentarias-abre-una-convocatoria-para-una-plaza-de-gestor-de-proyectos\\\/\",\"name\":\"La Oficina de Proyectos del IRTA (Instituto de Investigaci\u00f3n y Tecnolog\u00eda Agroalimentarias) abre una convocatoria para una plaza de Gestor de Proyectos - Hist\u00f3rico de noticias de la Fundaci\u00f3n General\",\"isPartOf\":{\"@id\":\"https:\\\/\\\/fg.ull.es\\\/hemeroteca\\\/#website\"},\"primaryImageOfPage\":{\"@id\":\"https:\\\/\\\/fg.ull.es\\\/hemeroteca\\\/2014\\\/03\\\/05\\\/la-oficina-de-proyectos-del-irta-instituto-de-investigacion-y-tecnologia-agroalimentarias-abre-una-convocatoria-para-una-plaza-de-gestor-de-proyectos\\\/#primaryimage\"},\"image\":{\"@id\":\"https:\\\/\\\/fg.ull.es\\\/hemeroteca\\\/2014\\\/03\\\/05\\\/la-oficina-de-proyectos-del-irta-instituto-de-investigacion-y-tecnologia-agroalimentarias-abre-una-convocatoria-para-una-plaza-de-gestor-de-proyectos\\\/#primaryimage\"},\"thumbnailUrl\":\"https:\\\/\\\/fg.ull.es\\\/hemeroteca\\\/wp-content\\\/uploads\\\/sites\\\/14\\\/2015\\\/04\\\/1914_ug_logo_irtacomplert.jpg\",\"datePublished\":\"2014-03-05T15:06:26+00:00\",\"author\":{\"@id\":\"https:\\\/\\\/fg.ull.es\\\/hemeroteca\\\/#\\\/schema\\\/person\\\/cf424320c3c543ecb9f15d3785219238\"},\"breadcrumb\":{\"@id\":\"https:\\\/\\\/fg.ull.es\\\/hemeroteca\\\/2014\\\/03\\\/05\\\/la-oficina-de-proyectos-del-irta-instituto-de-investigacion-y-tecnologia-agroalimentarias-abre-una-convocatoria-para-una-plaza-de-gestor-de-proyectos\\\/#breadcrumb\"},\"inLanguage\":\"es\",\"potentialAction\":[{\"@type\":\"ReadAction\",\"target\":[\"https:\\\/\\\/fg.ull.es\\\/hemeroteca\\\/2014\\\/03\\\/05\\\/la-oficina-de-proyectos-del-irta-instituto-de-investigacion-y-tecnologia-agroalimentarias-abre-una-convocatoria-para-una-plaza-de-gestor-de-proyectos\\\/\"]}]},{\"@type\":\"ImageObject\",\"inLanguage\":\"es\",\"@id\":\"https:\\\/\\\/fg.ull.es\\\/hemeroteca\\\/2014\\\/03\\\/05\\\/la-oficina-de-proyectos-del-irta-instituto-de-investigacion-y-tecnologia-agroalimentarias-abre-una-convocatoria-para-una-plaza-de-gestor-de-proyectos\\\/#primaryimage\",\"url\":\"https:\\\/\\\/fg.ull.es\\\/hemeroteca\\\/wp-content\\\/uploads\\\/sites\\\/14\\\/2015\\\/04\\\/1914_ug_logo_irtacomplert.jpg\",\"contentUrl\":\"https:\\\/\\\/fg.ull.es\\\/hemeroteca\\\/wp-content\\\/uploads\\\/sites\\\/14\\\/2015\\\/04\\\/1914_ug_logo_irtacomplert.jpg\",\"width\":1171,\"height\":642},{\"@type\":\"BreadcrumbList\",\"@id\":\"https:\\\/\\\/fg.ull.es\\\/hemeroteca\\\/2014\\\/03\\\/05\\\/la-oficina-de-proyectos-del-irta-instituto-de-investigacion-y-tecnologia-agroalimentarias-abre-una-convocatoria-para-una-plaza-de-gestor-de-proyectos\\\/#breadcrumb\",\"itemListElement\":[{\"@type\":\"ListItem\",\"position\":1,\"name\":\"Home\",\"item\":\"https:\\\/\\\/fg.ull.es\\\/hemeroteca\\\/\"},{\"@type\":\"ListItem\",\"position\":2,\"name\":\"La Oficina de Proyectos del IRTA (Instituto de Investigaci\u00f3n y Tecnolog\u00eda Agroalimentarias) abre una convocatoria para una plaza de Gestor de Proyectos\"}]},{\"@type\":\"WebSite\",\"@id\":\"https:\\\/\\\/fg.ull.es\\\/hemeroteca\\\/#website\",\"url\":\"https:\\\/\\\/fg.ull.es\\\/hemeroteca\\\/\",\"name\":\"Hist\u00f3rico de noticias de la Fundaci\u00f3n General\",\"description\":\"\",\"potentialAction\":[{\"@type\":\"SearchAction\",\"target\":{\"@type\":\"EntryPoint\",\"urlTemplate\":\"https:\\\/\\\/fg.ull.es\\\/hemeroteca\\\/?s={search_term_string}\"},\"query-input\":{\"@type\":\"PropertyValueSpecification\",\"valueRequired\":true,\"valueName\":\"search_term_string\"}}],\"inLanguage\":\"es\"},{\"@type\":\"Person\",\"@id\":\"https:\\\/\\\/fg.ull.es\\\/hemeroteca\\\/#\\\/schema\\\/person\\\/cf424320c3c543ecb9f15d3785219238\",\"name\":\"fgull\",\"image\":{\"@type\":\"ImageObject\",\"inLanguage\":\"es\",\"@id\":\"https:\\\/\\\/secure.gravatar.com\\\/avatar\\\/3b3f179500dd91d295ffa66543a853574e5676c5c7f8b31d00af1a80aadcafa4?s=96&d=mm&r=g\",\"url\":\"https:\\\/\\\/secure.gravatar.com\\\/avatar\\\/3b3f179500dd91d295ffa66543a853574e5676c5c7f8b31d00af1a80aadcafa4?s=96&d=mm&r=g\",\"contentUrl\":\"https:\\\/\\\/secure.gravatar.com\\\/avatar\\\/3b3f179500dd91d295ffa66543a853574e5676c5c7f8b31d00af1a80aadcafa4?s=96&d=mm&r=g\",\"caption\":\"fgull\"},\"url\":\"https:\\\/\\\/fg.ull.es\\\/hemeroteca\\\/author\\\/fgull\\\/\"}]}<\/script>\n<!-- \/ Yoast SEO plugin. -->","yoast_head_json":{"title":"La Oficina de Proyectos del IRTA (Instituto de Investigaci\u00f3n y Tecnolog\u00eda Agroalimentarias) abre una convocatoria para una plaza de Gestor de Proyectos - Hist\u00f3rico de noticias de la Fundaci\u00f3n General","robots":{"index":"index","follow":"follow","max-snippet":"max-snippet:-1","max-image-preview":"max-image-preview:large","max-video-preview":"max-video-preview:-1"},"canonical":"https:\/\/fg.ull.es\/hemeroteca\/2014\/03\/05\/la-oficina-de-proyectos-del-irta-instituto-de-investigacion-y-tecnologia-agroalimentarias-abre-una-convocatoria-para-una-plaza-de-gestor-de-proyectos\/","og_locale":"es_ES","og_type":"article","og_title":"La Oficina de Proyectos del IRTA (Instituto de Investigaci\u00f3n y Tecnolog\u00eda Agroalimentarias) abre una convocatoria para una plaza de Gestor de Proyectos - Hist\u00f3rico de noticias de la Fundaci\u00f3n General","og_description":"El puesto, localizado en Torre Marimon en Caldes de Montbui, Barcelona, ofrece un contrato temporal de un a&ntilde;o prorrogable anualmente hasta tres, con posibilidad de continuidad. La retribuci&oacute;n anual ser&aacute; de 26.514,31 euros brutos, con la aplicaci&oacute;n del Decreto Ley 3\/2010.","og_url":"https:\/\/fg.ull.es\/hemeroteca\/2014\/03\/05\/la-oficina-de-proyectos-del-irta-instituto-de-investigacion-y-tecnologia-agroalimentarias-abre-una-convocatoria-para-una-plaza-de-gestor-de-proyectos\/","og_site_name":"Hist\u00f3rico de noticias de la Fundaci\u00f3n General","article_published_time":"2014-03-05T15:06:26+00:00","og_image":[{"width":1171,"height":642,"url":"https:\/\/fg.ull.es\/hemeroteca\/wp-content\/uploads\/sites\/14\/2015\/04\/1914_ug_logo_irtacomplert.jpg","type":"image\/jpeg"}],"author":"fgull","twitter_card":"summary_large_image","twitter_misc":{"Escrito por":"fgull","Tiempo de lectura":"2 minutos"},"schema":{"@context":"https:\/\/schema.org","@graph":[{"@type":"Article","@id":"https:\/\/fg.ull.es\/hemeroteca\/2014\/03\/05\/la-oficina-de-proyectos-del-irta-instituto-de-investigacion-y-tecnologia-agroalimentarias-abre-una-convocatoria-para-una-plaza-de-gestor-de-proyectos\/#article","isPartOf":{"@id":"https:\/\/fg.ull.es\/hemeroteca\/2014\/03\/05\/la-oficina-de-proyectos-del-irta-instituto-de-investigacion-y-tecnologia-agroalimentarias-abre-una-convocatoria-para-una-plaza-de-gestor-de-proyectos\/"},"author":{"name":"fgull","@id":"https:\/\/fg.ull.es\/hemeroteca\/#\/schema\/person\/cf424320c3c543ecb9f15d3785219238"},"headline":"La Oficina de Proyectos del IRTA (Instituto de Investigaci\u00f3n y Tecnolog\u00eda Agroalimentarias) abre una convocatoria para una plaza de Gestor de Proyectos","datePublished":"2014-03-05T15:06:26+00:00","mainEntityOfPage":{"@id":"https:\/\/fg.ull.es\/hemeroteca\/2014\/03\/05\/la-oficina-de-proyectos-del-irta-instituto-de-investigacion-y-tecnologia-agroalimentarias-abre-una-convocatoria-para-una-plaza-de-gestor-de-proyectos\/"},"wordCount":394,"image":{"@id":"https:\/\/fg.ull.es\/hemeroteca\/2014\/03\/05\/la-oficina-de-proyectos-del-irta-instituto-de-investigacion-y-tecnologia-agroalimentarias-abre-una-convocatoria-para-una-plaza-de-gestor-de-proyectos\/#primaryimage"},"thumbnailUrl":"https:\/\/fg.ull.es\/hemeroteca\/wp-content\/uploads\/sites\/14\/2015\/04\/1914_ug_logo_irtacomplert.jpg","keywords":["Archivados"],"articleSection":["Empleo"],"inLanguage":"es"},{"@type":"WebPage","@id":"https:\/\/fg.ull.es\/hemeroteca\/2014\/03\/05\/la-oficina-de-proyectos-del-irta-instituto-de-investigacion-y-tecnologia-agroalimentarias-abre-una-convocatoria-para-una-plaza-de-gestor-de-proyectos\/","url":"https:\/\/fg.ull.es\/hemeroteca\/2014\/03\/05\/la-oficina-de-proyectos-del-irta-instituto-de-investigacion-y-tecnologia-agroalimentarias-abre-una-convocatoria-para-una-plaza-de-gestor-de-proyectos\/","name":"La Oficina de Proyectos del IRTA (Instituto de Investigaci\u00f3n y Tecnolog\u00eda Agroalimentarias) abre una convocatoria para una plaza de Gestor de Proyectos - Hist\u00f3rico de noticias de la Fundaci\u00f3n General","isPartOf":{"@id":"https:\/\/fg.ull.es\/hemeroteca\/#website"},"primaryImageOfPage":{"@id":"https:\/\/fg.ull.es\/hemeroteca\/2014\/03\/05\/la-oficina-de-proyectos-del-irta-instituto-de-investigacion-y-tecnologia-agroalimentarias-abre-una-convocatoria-para-una-plaza-de-gestor-de-proyectos\/#primaryimage"},"image":{"@id":"https:\/\/fg.ull.es\/hemeroteca\/2014\/03\/05\/la-oficina-de-proyectos-del-irta-instituto-de-investigacion-y-tecnologia-agroalimentarias-abre-una-convocatoria-para-una-plaza-de-gestor-de-proyectos\/#primaryimage"},"thumbnailUrl":"https:\/\/fg.ull.es\/hemeroteca\/wp-content\/uploads\/sites\/14\/2015\/04\/1914_ug_logo_irtacomplert.jpg","datePublished":"2014-03-05T15:06:26+00:00","author":{"@id":"https:\/\/fg.ull.es\/hemeroteca\/#\/schema\/person\/cf424320c3c543ecb9f15d3785219238"},"breadcrumb":{"@id":"https:\/\/fg.ull.es\/hemeroteca\/2014\/03\/05\/la-oficina-de-proyectos-del-irta-instituto-de-investigacion-y-tecnologia-agroalimentarias-abre-una-convocatoria-para-una-plaza-de-gestor-de-proyectos\/#breadcrumb"},"inLanguage":"es","potentialAction":[{"@type":"ReadAction","target":["https:\/\/fg.ull.es\/hemeroteca\/2014\/03\/05\/la-oficina-de-proyectos-del-irta-instituto-de-investigacion-y-tecnologia-agroalimentarias-abre-una-convocatoria-para-una-plaza-de-gestor-de-proyectos\/"]}]},{"@type":"ImageObject","inLanguage":"es","@id":"https:\/\/fg.ull.es\/hemeroteca\/2014\/03\/05\/la-oficina-de-proyectos-del-irta-instituto-de-investigacion-y-tecnologia-agroalimentarias-abre-una-convocatoria-para-una-plaza-de-gestor-de-proyectos\/#primaryimage","url":"https:\/\/fg.ull.es\/hemeroteca\/wp-content\/uploads\/sites\/14\/2015\/04\/1914_ug_logo_irtacomplert.jpg","contentUrl":"https:\/\/fg.ull.es\/hemeroteca\/wp-content\/uploads\/sites\/14\/2015\/04\/1914_ug_logo_irtacomplert.jpg","width":1171,"height":642},{"@type":"BreadcrumbList","@id":"https:\/\/fg.ull.es\/hemeroteca\/2014\/03\/05\/la-oficina-de-proyectos-del-irta-instituto-de-investigacion-y-tecnologia-agroalimentarias-abre-una-convocatoria-para-una-plaza-de-gestor-de-proyectos\/#breadcrumb","itemListElement":[{"@type":"ListItem","position":1,"name":"Home","item":"https:\/\/fg.ull.es\/hemeroteca\/"},{"@type":"ListItem","position":2,"name":"La Oficina de Proyectos del IRTA (Instituto de Investigaci\u00f3n y Tecnolog\u00eda Agroalimentarias) abre una convocatoria para una plaza de Gestor de Proyectos"}]},{"@type":"WebSite","@id":"https:\/\/fg.ull.es\/hemeroteca\/#website","url":"https:\/\/fg.ull.es\/hemeroteca\/","name":"Hist\u00f3rico de noticias de la Fundaci\u00f3n General","description":"","potentialAction":[{"@type":"SearchAction","target":{"@type":"EntryPoint","urlTemplate":"https:\/\/fg.ull.es\/hemeroteca\/?s={search_term_string}"},"query-input":{"@type":"PropertyValueSpecification","valueRequired":true,"valueName":"search_term_string"}}],"inLanguage":"es"},{"@type":"Person","@id":"https:\/\/fg.ull.es\/hemeroteca\/#\/schema\/person\/cf424320c3c543ecb9f15d3785219238","name":"fgull","image":{"@type":"ImageObject","inLanguage":"es","@id":"https:\/\/secure.gravatar.com\/avatar\/3b3f179500dd91d295ffa66543a853574e5676c5c7f8b31d00af1a80aadcafa4?s=96&d=mm&r=g","url":"https:\/\/secure.gravatar.com\/avatar\/3b3f179500dd91d295ffa66543a853574e5676c5c7f8b31d00af1a80aadcafa4?s=96&d=mm&r=g","contentUrl":"https:\/\/secure.gravatar.com\/avatar\/3b3f179500dd91d295ffa66543a853574e5676c5c7f8b31d00af1a80aadcafa4?s=96&d=mm&r=g","caption":"fgull"},"url":"https:\/\/fg.ull.es\/hemeroteca\/author\/fgull\/"}]}},"featured_image_thumbnail_url":"https:\/\/fg.ull.es\/hemeroteca\/wp-content\/uploads\/sites\/14\/2015\/04\/1914_ug_logo_irtacomplert-300x164.jpg","_links":{"self":[{"href":"https:\/\/fg.ull.es\/hemeroteca\/wp-json\/wp\/v2\/posts\/13331","targetHints":{"allow":["GET"]}}],"collection":[{"href":"https:\/\/fg.ull.es\/hemeroteca\/wp-json\/wp\/v2\/posts"}],"about":[{"href":"https:\/\/fg.ull.es\/hemeroteca\/wp-json\/wp\/v2\/types\/post"}],"author":[{"embeddable":true,"href":"https:\/\/fg.ull.es\/hemeroteca\/wp-json\/wp\/v2\/users\/36"}],"replies":[{"embeddable":true,"href":"https:\/\/fg.ull.es\/hemeroteca\/wp-json\/wp\/v2\/comments?post=13331"}],"version-history":[{"count":0,"href":"https:\/\/fg.ull.es\/hemeroteca\/wp-json\/wp\/v2\/posts\/13331\/revisions"}],"wp:featuredmedia":[{"embeddable":true,"href":"https:\/\/fg.ull.es\/hemeroteca\/wp-json\/wp\/v2\/media\/13330"}],"wp:attachment":[{"href":"https:\/\/fg.ull.es\/hemeroteca\/wp-json\/wp\/v2\/media?parent=13331"}],"wp:term":[{"taxonomy":"category","embeddable":true,"href":"https:\/\/fg.ull.es\/hemeroteca\/wp-json\/wp\/v2\/categories?post=13331"},{"taxonomy":"post_tag","embeddable":true,"href":"https:\/\/fg.ull.es\/hemeroteca\/wp-json\/wp\/v2\/tags?post=13331"}],"curies":[{"name":"wp","href":"https:\/\/api.w.org\/{rel}","templated":true}]}}